{"id":20259,"date":"2008-01-21T15:03:26","date_gmt":"2008-01-21T15:03:26","guid":{"rendered":"https:\/\/obscom.intervozes.org.br\/wordpress\/?p=20259"},"modified":"2008-01-21T15:03:26","modified_gmt":"2008-01-21T15:03:26","slug":"as-oportunidades-da-fusao-oibrasil-telecom","status":"publish","type":"post","link":"https:\/\/obscom.intervozes.org.br\/?p=20259","title":{"rendered":"As oportunidades da fus\u00e3o Oi\/Brasil Telecom"},"content":{"rendered":"<p><em>Marcos Dantas &eacute; professor de disciplinas sobre tecnologias da informa&ccedil;&atilde;o e comunica&ccedil;&atilde;o no Departamento de Comunica&ccedil;&atilde;o Social da PUC-RJ. Formado em Comunica&ccedil;&atilde;o Social, &eacute; Mestre em Ci&ecirc;ncia da Informa&ccedil;&atilde;o pela ECO-UFRJ e Doutor em Engenharia de Produ&ccedil;&atilde;o pela COPPE-UFRJ. J&aacute; exerceu as fun&ccedil;&otilde;es de Secret&aacute;rio de Educa&ccedil;&atilde;o a Dist&acirc;ncia do MEC (2004-2005), Secret&aacute;rio de Planejamento e Or&ccedil;amento do Minist&eacute;rio das Comunica&ccedil;&otilde;es (2003), representante do Poder Executivo no Conselho Consultivo da Anatel (2003-2006), representante do MEC no Conselho Deliberativo e no Comit&ecirc; Gestor do Programa TV Digital e representante do Governo no Comit&ecirc; Gestor da Internet no Brasil.<\/em><\/p>\n<p><em>Em entrevista ao Observat&oacute;rio do Direito &agrave; Comunica&ccedil;&atilde;o, Dantas comenta a fus&atilde;o da Oi (antiga Telemar) com a Brasil Telecom e defende que, havendo pol&iacute;tica por parte do governo, o neg&oacute;cio pode ser ben&eacute;fico para a popula&ccedil;&atilde;o brasileira e contribuir para um projeto de infra-estrutura p&uacute;blica de telecomunica&ccedil;&otilde;es. A seguir, a entrevista na &iacute;ntegra.<\/em><\/p>\n<p class=\"MsoNormal\"><strong>Qual sua avalia&ccedil;&atilde;o sobre a fus&atilde;o entre Brasil Telecom e Oi? Quais podem ser as vantagens e as desvantagens da opera&ccedil;&atilde;o? <\/p>\n<p><\/strong>Fico a vontade para falar, pois sempre defendi essa solu&ccedil;&atilde;o, sempre critiquei o fatiamento da Telebr&aacute;s. No pref&aacute;cio &agrave; segunda edi&ccedil;&atilde;o do meu livro &quot;A l&oacute;gica do capital-informa&ccedil;&atilde;o&quot;, publicada em 2002, eu dizia que o governo acabaria sendo for&ccedil;ado a promover essa fus&atilde;o. Lamento que isso esteja sendo feito muito mais por press&atilde;o das pr&oacute;prias empresas do que por decis&atilde;o estrat&eacute;gica do Governo Lula que, em tudo o que toca &agrave;s comunica&ccedil;&otilde;es, n&atilde;o disse a que veio. A fus&atilde;o &eacute; l&oacute;gica. O mercado de telecomunica&ccedil;&otilde;es exige uma empresa de grande porte para atender &agrave;s necessidades gerais da sociedade que o pr&oacute;prio mercado n&atilde;o atende. N&atilde;o por acaso, em todos os pa&iacute;ses que se levam a s&eacute;rio, at&eacute; no M&eacute;xico, existe uma empresa assim. Isto n&atilde;o impede, ali&aacute;s, tamb&eacute;m exige, que outras empresas menores, possam entrar, com agilidade, nos mercados mais din&acirc;micos. Telemar e Brasil Telecom, como tamb&eacute;m a Telef&oacute;nica e a Embratel, operam em regime p&uacute;blico, sob regime de concess&atilde;o. Isto implica dizer que elas s&atilde;o delegadas do Estado para executar pol&iacute;ticas de Estado. Logo, essa fus&atilde;o s&oacute; trar&aacute; vantagens se o Estado (e, nele, o governo) fizer a sua parte. A fus&atilde;o pode dar um novo salto &agrave; universaliza&ccedil;&atilde;o. Em grandes &aacute;reas da Telemar, a telefonia ainda n&atilde;o est&aacute; universalizada e n&atilde;o h&aacute; nem o que falar da banda-larga. Nessas &aacute;reas, os investimentos n&atilde;o d&atilde;o retorno, n&atilde;o existem &quot;consumidores&quot;, o que n&atilde;o significa dizer que n&atilde;o existam cidad&atilde;os com direito a telefone ou banda-larga. A fus&atilde;o adicionar&aacute; &agrave; Telemar as &aacute;reas ricas da BrT: Bras&iacute;lia, Mato Grosso do Sul, regi&otilde;es do Paran&aacute; e Rio Grande do Sul que se somar&atilde;o ao Estado do Rio e a Minas Gerais, al&eacute;m de algumas capitais, na sustenta&ccedil;&atilde;o da nova empresa. Assim, essa megatele poder&aacute; se dotar de &quot;vasos comunicantes&quot; que transfiram receitas e que ajudem a sustentar e expandir a universaliza&ccedil;&atilde;o no imenso Brasil pobre e at&eacute; a baixar os pre&ccedil;os de assinaturas e tarifas (noutros tempos, dir&iacute;amos &quot;subs&iacute;dios cruzados&quot; mas isto agora &eacute; palavr&atilde;o&#8230;). <\/p>\n<p>Mas, claro, n&atilde;o d&aacute; para imaginar que os investidores v&atilde;o fazer isso por iniciativa pr&oacute;pria. Ser&aacute; necess&aacute;rio que o Estado cumpra o seu papel regulador e fiscalizador, orientando pol&iacute;ticas nesse sentido. A nova empresa, tamb&eacute;m, poderia vir a cumprir, nas telecomunica&ccedil;&otilde;es, um papel semelhante ao da Petrobr&aacute;s, tanto no desenvolvimento industrial-tecnol&oacute;gico, quanto na expans&atilde;o do espa&ccedil;o geopol&iacute;tico brasileiro. De novo, &eacute; necess&aacute;rio que o governo entenda isso. &Eacute; preciso, pois, que nesta empresa, o BNDES n&atilde;o tenha um papel meramente financeiro, mas seja um s&oacute;cio atuante, representando os interesses da sociedade. Para n&atilde;o falar da Anatel&#8230; Desvantagens? Bem, se o governo, BNDES, Anatel n&atilde;o cumprirem os pap&eacute;is que lhes cabem, as desvantagens ser&atilde;o diretamente proporcionais &agrave;s muitas vantagens (a&iacute; sim) exclusivas que os s&oacute;cios privados da Telemar obter&atilde;o com o neg&oacute;cio. <\/p>\n<p style=\"margin-bottom: 12pt\" class=\"MsoNormal\"><strong>Oi e Brasil Telecom dizem que, isoladas, n&atilde;o sobreviver&atilde;o &agrave; competi&ccedil;&atilde;o com a Telef&oacute;nica ou com a Embratel. Este n&atilde;o &eacute; um argumento falacioso, dado o fato de que as empresas nacionais supostamente amea&ccedil;adas apresentam balan&ccedil;os muito melhores que o da Embratel e est&atilde;o estrategicamente posicionadas na converg&ecirc;ncia fixo-m&oacute;vel de uma maneira muito superior &agrave; da Telef&ocirc;nica? <br \/><\/strong><br \/>A concorr&ecirc;ncia &eacute; global. A Telef&oacute;nica n&atilde;o &eacute; uma empresa paulista, mas mundial, podendo contar, caso venha a precisar (para comprar a Telemig Celular, por exemplo) com recursos que a sua matriz espanhola lhe aporta a partir dos lucros que retira do Chile, da Argentina, do Peru, de muitos outros lugares. Al&eacute;m disso, n&atilde;o tem que manter uma rede funcionando nos cafund&oacute;s do Par&aacute;&#8230; Tamb&eacute;m a Embratel: ela n&atilde;o &eacute; brasileira, mas bra&ccedil;o de uma operadora que, depois da compra da MCI, tornou-se dona de uma rede efetivamente global de comunica&ccedil;&otilde;es, estendendo-se, via Estados Unidos, da Europa ao Jap&atilde;o. Compara&ccedil;&otilde;es de tamanho s&oacute; valem se feitas com as corpora&ccedil;&otilde;es globais que com elas concorrem. <\/p>\n<p style=\"margin-bottom: 12pt\" class=\"MsoNormal\"><strong>Qual ser&aacute; o impacto da iniciativa no setor de telecomunica&ccedil;&otilde;es? Isso pode gerar impactos no setor de comunica&ccedil;&otilde;es\/m&iacute;dia como um todo? <\/strong><\/p>\n<p>Com certeza. A megatele vai se posicionar melhor para concorrer com a Telmex\/NET e tamb&eacute;m com a Telef&oacute;nica. &Eacute; natural que as Organiza&ccedil;&otilde;es Globo n&atilde;o simpatizem com a id&eacute;ia. Por outro lado, como em tudo o mais, esse impacto, para o bem ou para o mal, depende dos rumos da regulamenta&ccedil;&atilde;o. O que sair da PL-29 dir&aacute; o que temos a temer, ou n&atilde;o&#8230; Mas se houver pol&iacute;tica, essa empresa poder&aacute; vir a ser um instrumento poderoso de fomento &agrave; ind&uacute;stria audiovisual brasileira. <\/p>\n<p class=\"MsoNormal\"><strong>A cria&ccedil;&atilde;o de uma &quot;supertele&quot; pode ser considerada boa simplesmente porque seu capital ser&aacute; nacional? Como fica a quest&atilde;o da concentra&ccedil;&atilde;o do mercado? O pr&oacute;prio Idec &#8211; Instituto de Defesa do Consumidor diz que a fus&atilde;o pode ter impactos negativos para o cidad&atilde;o&#8230; <\/strong><\/p>\n<p>N&atilde;o se trata apenas do capital nacional. Ela ser&aacute; &quot;boa&quot;, como tenho insistido, se tivermos pol&iacute;tica para aproveitar a oportunidade. Quanto ao mercado, n&atilde;o h&aacute; porque se preocupar. Onde h&aacute; renda, h&aacute; mercado. Em cerca de 400 munic&iacute;pios brasileiros, as concession&aacute;rias enfrentam todo o tipo de concorr&ecirc;ncia. Na minha casa mesmo, eu tenho um telefone da Oi e outro da NET (e s&oacute; n&atilde;o desliguei o da Oi porque ainda n&atilde;o confio plenamente na NET). Onde n&atilde;o h&aacute; mercado n&atilde;o h&aacute;, nem haver&aacute;, concorr&ecirc;ncia, ou seja, a maior parte do Brasil, com cerca de 45% de sua popula&ccedil;&atilde;o (logicamente a mais pobre). Por que, em 2 mil munic&iacute;pios brasileiros n&atilde;o existe servi&ccedil;o de telefonia celular? <\/p>\n<p style=\"margin-bottom: 12pt\" class=\"MsoNormal\"><strong>Como voc&ecirc; v&ecirc; o papel de uma supertele, cujo controle &eacute; majoritamente de &oacute;rg&atilde;os estatais, na universaliza&ccedil;&atilde;o da telefonia fixa e da conex&atilde;o &agrave; internet para a popula&ccedil;&atilde;o brasileira? A nova empresa poderia contribuir para um projeto de infra-estrutura p&uacute;blica de telecomunica&ccedil;&otilde;es? <\/strong><\/p>\n<p>Acho que essa empresa deveria ser o grande instrumento do Estado para implementar uma pol&iacute;tica de universaliza&ccedil;&atilde;o da telefonia e da banda-larga. Ali&aacute;s, como eu disse, s&oacute; assim a fus&atilde;o far&aacute; sentido, representando uma esp&eacute;cie de troca entre aquilo que interessa &agrave; sociedade e aquilo que interessa a alguns de seus acionistas privados. <\/p>\n<p><strong>Apesar do governo ter acionistas com cotas representativas na nova empresa, dada a l&oacute;gica de gest&atilde;o das grandes corpora&ccedil;&otilde;es hoje, qual pode ser sua real incid&ecirc;ncia para que ela cumpra pap&eacute;is estrat&eacute;gicos como acontece com a Petrobr&aacute;s? Pode incidir, por exemplo, nos custos das tarifas ou na quest&atilde;o da assinatura b&aacute;sica da telefonia fixa? <\/strong><\/p>\n<p>Em qualquer grande corpora&ccedil;&atilde;o privada, hoje em dia, um s&oacute;cio com 15% do capital tem muita for&ccedil;a. O que tem 50% ent&atilde;o&#8230; E o Estado, via BNDES, via fundos de pens&atilde;o, vai ficar com algo pr&oacute;ximo a isso. O Estado at&eacute; hoje, na verdade, ainda n&atilde;o exerceu os seus poderes nessas duas empresas. Na BrT, o controle dos fundos &eacute; total! Espero que, agora, nas negocia&ccedil;&otilde;es que est&atilde;o em curso, alguma coisa esteja sendo considerada nesse sentido. Pelo menos, algumas pessoas que o presidente Lula levou para o seu governo neste segundo mandato, ao contr&aacute;rio das que levou no primeiro, nos permitem acreditar que haver&aacute; mais compet&ecirc;ncia na condu&ccedil;&atilde;o dessa quest&atilde;o. Espero n&atilde;o estar errado. <\/p>\n","protected":false},"excerpt":{"rendered":"<p>Para pesquisador, a fus\u00e3o pode dar novo impulso \u00e0 universaliza\u00e7\u00e3o.<\/p>\n","protected":false},"author":1,"featured_media":0,"comment_status":"open","ping_status":"open","sticky":false,"template":"","format":"standard","meta":{"footnotes":""},"categories":[43],"tags":[363],"_links":{"self":[{"href":"https:\/\/obscom.intervozes.org.br\/index.php?rest_route=\/wp\/v2\/posts\/20259"}],"collection":[{"href":"https:\/\/obscom.intervozes.org.br\/index.php?rest_route=\/wp\/v2\/posts"}],"about":[{"href":"https:\/\/obscom.intervozes.org.br\/index.php?rest_route=\/wp\/v2\/types\/post"}],"author":[{"embeddable":true,"href":"https:\/\/obscom.intervozes.org.br\/index.php?rest_route=\/wp\/v2\/users\/1"}],"replies":[{"embeddable":true,"href":"https:\/\/obscom.intervozes.org.br\/index.php?rest_route=%2Fwp%2Fv2%2Fcomments&post=20259"}],"version-history":[{"count":0,"href":"https:\/\/obscom.intervozes.org.br\/index.php?rest_route=\/wp\/v2\/posts\/20259\/revisions"}],"wp:attachment":[{"href":"https:\/\/obscom.intervozes.org.br\/index.php?rest_route=%2Fwp%2Fv2%2Fmedia&parent=20259"}],"wp:term":[{"taxonomy":"category","embeddable":true,"href":"https:\/\/obscom.intervozes.org.br\/index.php?rest_route=%2Fwp%2Fv2%2Fcategories&post=20259"},{"taxonomy":"post_tag","embeddable":true,"href":"https:\/\/obscom.intervozes.org.br\/index.php?rest_route=%2Fwp%2Fv2%2Ftags&post=20259"}],"curies":[{"name":"wp","href":"https:\/\/api.w.org\/{rel}","templated":true}]}}