{"id":20244,"date":"2008-01-18T16:16:39","date_gmt":"2008-01-18T16:16:39","guid":{"rendered":"https:\/\/obscom.intervozes.org.br\/wordpress\/?p=20244"},"modified":"2008-01-18T16:16:39","modified_gmt":"2008-01-18T16:16:39","slug":"contratos-em-fevereiro-levarao-telefonia-movel-a-mais-18-mil-municipios","status":"publish","type":"post","link":"https:\/\/obscom.intervozes.org.br\/?p=20244","title":{"rendered":"Contratos em fevereiro levar\u00e3o telefonia m\u00f3vel a mais 1,8 mil munic\u00edpios"},"content":{"rendered":"<p>Bras&iacute;lia &#8211; Em fevereiro, depois do Carnaval, ser&atilde;o assinados os contratos das faixas de freq&uuml;&ecirc;ncia de telefonia m&oacute;vel licitadas em dezembro do ano passado, segundo a Ag&ecirc;ncia Nacional de Telecomunica&ccedil;&otilde;es (Anatel).<\/p>\n<p>A partir das assinaturas dos contratos, as empresas ter&atilde;o prazo de dois anos para levar cobertura de celular a 1.836 munic&iacute;pios que ainda n&atilde;o possuem o servi&ccedil;o. S&atilde;o cidades com menos de 30 mil habitantes, onde vivem cerca de 17 milh&otilde;es de pessoas. <\/p>\n<p>Na sexta-feira passada (11), a Anatel realizou a distribui&ccedil;&atilde;o desses munic&iacute;pios entre as prestadoras do servi&ccedil;o vencedoras da licita&ccedil;&atilde;o. Para amanh&atilde; (18) est&aacute; prevista a distribui&ccedil;&atilde;o para cobertura de terceira gera&ccedil;&atilde;o (que permite o uso do servi&ccedil;o de&nbsp; banda larga m&oacute;vel) das 2.740 cidades que correspondem a 60% dos munic&iacute;pios com menos de 30 mil habitantes. O servi&ccedil;o dever&aacute; estar implantado em oito anos.<\/p>\n<p>O gerente de regulamenta&ccedil;&otilde;es da Anatel, Bruno Ramos, explicou que para essa cobertura ser&atilde;o atendidas primeiro as capitais e as cidades com maior n&uacute;mero de habitantes. &ldquo;No primeiro ano, a operadora que venceu a licita&ccedil;&atilde;o tem que atender 50% da capitais e das cidades acima de 500 mil habitantes. At&eacute; o quinto ano, ela cobre todas as cidades acima de 100 mil habitantes. Do sexto ao oitavo ano, ela ter&aacute; que cobrir as cidades com 30 mil a 100 mil habitantes,&rdquo; explicou. <\/p>\n<p>Os pre&ccedil;os dos servi&ccedil;os, segundo o gerente, n&atilde;o dever&atilde;o ser aumentados: &quot;&Eacute; imposs&iacute;vel subir tarifa com o n&iacute;vel de competi&ccedil;&atilde;o que temos hoje no Brasil. A Anatel conseguiu colocar quatro competidores por &aacute;rea geogr&aacute;fica. E o valor cobrado deve ser igual em cada cidade, independentemente do tamanho.&quot;<\/p>\n","protected":false},"excerpt":{"rendered":"<p>Bras&iacute;lia &#8211; Em fevereiro, depois do Carnaval, ser&atilde;o assinados os contratos das faixas de freq&uuml;&ecirc;ncia de telefonia m&oacute;vel licitadas em dezembro do ano passado, segundo a Ag&ecirc;ncia Nacional de Telecomunica&ccedil;&otilde;es (Anatel). A partir das assinaturas dos contratos, as empresas ter&atilde;o prazo de dois anos para levar cobertura de celular a 1.836 munic&iacute;pios que ainda n&atilde;o &hellip; <a href=\"https:\/\/obscom.intervozes.org.br\/?p=20244\" class=\"more-link\">Continue lendo <span class=\"screen-reader-text\">Contratos em fevereiro levar\u00e3o telefonia m\u00f3vel a mais 1,8 mil munic\u00edpios<\/span> <span class=\"meta-nav\">&rarr;<\/span><\/a><\/p>\n","protected":false},"author":1,"featured_media":0,"comment_status":"open","ping_status":"open","sticky":false,"template":"","format":"standard","meta":{"footnotes":""},"categories":[40],"tags":[60],"_links":{"self":[{"href":"https:\/\/obscom.intervozes.org.br\/index.php?rest_route=\/wp\/v2\/posts\/20244"}],"collection":[{"href":"https:\/\/obscom.intervozes.org.br\/index.php?rest_route=\/wp\/v2\/posts"}],"about":[{"href":"https:\/\/obscom.intervozes.org.br\/index.php?rest_route=\/wp\/v2\/types\/post"}],"author":[{"embeddable":true,"href":"https:\/\/obscom.intervozes.org.br\/index.php?rest_route=\/wp\/v2\/users\/1"}],"replies":[{"embeddable":true,"href":"https:\/\/obscom.intervozes.org.br\/index.php?rest_route=%2Fwp%2Fv2%2Fcomments&post=20244"}],"version-history":[{"count":0,"href":"https:\/\/obscom.intervozes.org.br\/index.php?rest_route=\/wp\/v2\/posts\/20244\/revisions"}],"wp:attachment":[{"href":"https:\/\/obscom.intervozes.org.br\/index.php?rest_route=%2Fwp%2Fv2%2Fmedia&parent=20244"}],"wp:term":[{"taxonomy":"category","embeddable":true,"href":"https:\/\/obscom.intervozes.org.br\/index.php?rest_route=%2Fwp%2Fv2%2Fcategories&post=20244"},{"taxonomy":"post_tag","embeddable":true,"href":"https:\/\/obscom.intervozes.org.br\/index.php?rest_route=%2Fwp%2Fv2%2Ftags&post=20244"}],"curies":[{"name":"wp","href":"https:\/\/api.w.org\/{rel}","templated":true}]}}