{"id":20243,"date":"2008-01-18T16:14:40","date_gmt":"2008-01-18T16:14:40","guid":{"rendered":"https:\/\/obscom.intervozes.org.br\/wordpress\/?p=20243"},"modified":"2008-01-18T16:14:40","modified_gmt":"2008-01-18T16:14:40","slug":"amorim-cobra-de-japoneses-instalacao-de-fabrica-de-semicondutores-no-brasil","status":"publish","type":"post","link":"https:\/\/obscom.intervozes.org.br\/?p=20243","title":{"rendered":"Amorim cobra de japoneses instala\u00e7\u00e3o de f\u00e1brica de semicondutores no Brasil"},"content":{"rendered":"<p>Bras&iacute;lia &#8211; O ministro das Rela&ccedil;&otilde;es Exteriores, Celso Amorim, cobrou do Jap&atilde;o a instala&ccedil;&atilde;o de uma f&aacute;brica de semicondutores no pa&iacute;s para atender &agrave; demanda de produtos da TV digital no pa&iacute;s, que segue o modelo japon&ecirc;s. Amorim fez o apelo na abertura das comemora&ccedil;&otilde;es do centen&aacute;rio da imigra&ccedil;&atilde;o japonesa no Brasil, hoje (17), no Itamaraty.<\/p>\n<p>&ldquo;Confiamos que uma f&aacute;brica de semicondutores pode ser instalada no Brasil&rdquo;, disse Amorim, falando em nome do presidente Luiz In&aacute;cio Lula da Silva, que apenas acompanhou o evento. <\/p>\n<p>Em novembro passado, o ministro das Comunica&ccedil;&otilde;es, H&eacute;lio Costa, disse que um grupo formado por engenheiros das duas na&ccedil;&otilde;es debate a instala&ccedil;&atilde;o da ind&uacute;stria. O custo m&iacute;nimo est&aacute; estimado em US$ 500 milh&otilde;es. <\/p>\n<p>J&aacute; o vice-ministro de Neg&oacute;cios Estrangeiros do Jap&atilde;o, Hitoshi Kimura, destacou a ajuda dos 300 mil brasileiros que vivem no Jap&atilde;o na revitaliza&ccedil;&atilde;o da economia de seu pa&iacute;s. Logo depois, Amorim disse que &eacute; bom ouvir que a comunidade brasileira &ldquo;contar&aacute; com as mesmas oportunidades de inser&ccedil;&atilde;o social&rdquo;. <\/p>\n<p>O presidente da Associa&ccedil;&atilde;o para Comemora&ccedil;&atilde;o do Centen&aacute;rio da Imigra&ccedil;&atilde;o Japonesa no Brasil, Kokei Uehara, agradeceu o acolhimento dado &agrave; comunidade japonesa, que soma 1,5 milh&atilde;o de pessoas. &ldquo;Gra&ccedil;as a esse pa&iacute;s tive os melhores professores da minha vida. Fico bravo quando algu&eacute;m diz que o Brasil n&atilde;o tem professor de qualidade&rdquo;, contou Uehara, que chegou ao pa&iacute;s com nove anos de idade. <\/p>\n<p>O ministro Amorim lembrou que o Jap&atilde;o j&aacute; foi o segundo maior parceiro comercial do Brasil, mas perdeu posi&ccedil;&otilde;es por causa da estagna&ccedil;&atilde;o de sua economia h&aacute; alguns anos e da instabilidade e infla&ccedil;&atilde;o alta no mercado brasileiro. Por&eacute;m, continuou, as duas na&ccedil;&otilde;es j&aacute; superaram esses problemas e podem retomar as negocia&ccedil;&otilde;es para impulsionar o com&eacute;rcio bilateral.<\/p>\n<p>De acordo com informa&ccedil;&otilde;es divulgadas pela Presid&ecirc;ncia da Rep&uacute;blica, os investimentos japoneses no Brasil passaram de US$ 648 milh&otilde;es, em 2006, para US$ 800 milh&otilde;es, no ano passado. A ag&ecirc;ncia japonesa de promo&ccedil;&atilde;o comercial prev&ecirc; investimento da ordem de US$ 1 bilh&atilde;o em 2008. <\/p>\n","protected":false},"excerpt":{"rendered":"<p>Bras&iacute;lia &#8211; O ministro das Rela&ccedil;&otilde;es Exteriores, Celso Amorim, cobrou do Jap&atilde;o a instala&ccedil;&atilde;o de uma f&aacute;brica de semicondutores no pa&iacute;s para atender &agrave; demanda de produtos da TV digital no pa&iacute;s, que segue o modelo japon&ecirc;s. Amorim fez o apelo na abertura das comemora&ccedil;&otilde;es do centen&aacute;rio da imigra&ccedil;&atilde;o japonesa no Brasil, hoje (17), no &hellip; <a href=\"https:\/\/obscom.intervozes.org.br\/?p=20243\" class=\"more-link\">Continue lendo <span class=\"screen-reader-text\">Amorim cobra de japoneses instala\u00e7\u00e3o de f\u00e1brica de semicondutores no Brasil<\/span> <span class=\"meta-nav\">&rarr;<\/span><\/a><\/p>\n","protected":false},"author":1,"featured_media":0,"comment_status":"open","ping_status":"open","sticky":false,"template":"","format":"standard","meta":{"footnotes":""},"categories":[40],"tags":[79],"_links":{"self":[{"href":"https:\/\/obscom.intervozes.org.br\/index.php?rest_route=\/wp\/v2\/posts\/20243"}],"collection":[{"href":"https:\/\/obscom.intervozes.org.br\/index.php?rest_route=\/wp\/v2\/posts"}],"about":[{"href":"https:\/\/obscom.intervozes.org.br\/index.php?rest_route=\/wp\/v2\/types\/post"}],"author":[{"embeddable":true,"href":"https:\/\/obscom.intervozes.org.br\/index.php?rest_route=\/wp\/v2\/users\/1"}],"replies":[{"embeddable":true,"href":"https:\/\/obscom.intervozes.org.br\/index.php?rest_route=%2Fwp%2Fv2%2Fcomments&post=20243"}],"version-history":[{"count":0,"href":"https:\/\/obscom.intervozes.org.br\/index.php?rest_route=\/wp\/v2\/posts\/20243\/revisions"}],"wp:attachment":[{"href":"https:\/\/obscom.intervozes.org.br\/index.php?rest_route=%2Fwp%2Fv2%2Fmedia&parent=20243"}],"wp:term":[{"taxonomy":"category","embeddable":true,"href":"https:\/\/obscom.intervozes.org.br\/index.php?rest_route=%2Fwp%2Fv2%2Fcategories&post=20243"},{"taxonomy":"post_tag","embeddable":true,"href":"https:\/\/obscom.intervozes.org.br\/index.php?rest_route=%2Fwp%2Fv2%2Ftags&post=20243"}],"curies":[{"name":"wp","href":"https:\/\/api.w.org\/{rel}","templated":true}]}}