{"id":20240,"date":"2008-01-18T16:03:31","date_gmt":"2008-01-18T16:03:31","guid":{"rendered":"https:\/\/obscom.intervozes.org.br\/wordpress\/?p=20240"},"modified":"2008-01-18T16:03:31","modified_gmt":"2008-01-18T16:03:31","slug":"pf-fecha-tres-radios-piratas-em-sao-goncalo","status":"publish","type":"post","link":"https:\/\/obscom.intervozes.org.br\/?p=20240","title":{"rendered":"PF fecha tr\u00eas r\u00e1dios piratas em S\u00e3o Gon\u00e7alo"},"content":{"rendered":"<p>Agentes da Pol&iacute;cia Federal, em Niter&oacute;i, com aux&iacute;lio de fiscais da Ag&ecirc;ncia Nacional de Telecomunica&ccedil;&otilde;es (Anatel), fecharam ontem tr&ecirc;s emissoras que funcionavam clandestinamente em S&atilde;o Gon&ccedil;alo, na Regi&atilde;o Metropolitana. Tr&ecirc;s pessoas foram presas e os equipamentos apreendidos. <\/p>\n<p>As r&aacute;dios piratas, de acordo com as investiga&ccedil;&otilde;es da PF, estavam interferindo na freq&uuml;&ecirc;ncia usada por pilotos da avia&ccedil;&atilde;o civil para se comunicar com as torres de controle dos aeroportos Internacional Tom Jobim e Santos Dumont. <\/p>\n<p>Respons&aacute;vel pela investiga&ccedil;&atilde;o, o delegado Victor Poubel, chefe da delegacia da Pol&iacute;cia Federal de Niter&oacute;i, afirma ter recebido 150 informa&ccedil;&otilde;es relacionadas aos danos provocados pelas r&aacute;dios piratas em S&atilde;o Gon&ccedil;alo. Poubel ressalta que a regi&atilde;o est&aacute; na rota dos v&ocirc;os comerciais, colocando em risco as opera&ccedil;&otilde;es de pouso e decolagem nos dois principais aeroportos do Rio. <\/p>\n<p>&mdash; S&atilde;o freq&uuml;entes as reclama&ccedil;&otilde;es do setor a&eacute;reo sobre interfer&ecirc;ncias provocadas por essas r&aacute;dios nas faixas exclusivas de comunica&ccedil;&atilde;o entre pilotos e torres de controle. <\/p>\n<p>Elas acabam colocando em risco a vida de passageiros e tripula&ccedil;&atilde;o &mdash; diz ele. <\/p>\n<p>Acusados podem cumprir seis anos de pris&atilde;o A opera&ccedil;&atilde;o, batizada de &ldquo;V&ocirc;o Limpo&rdquo;, levou &agrave;s pris&otilde;es de Ricardo Barchilon, Rog&eacute;rio de Oliveira Ferreira e Marco Aur&eacute;lio Feij&oacute;. <\/p>\n<p>Os tr&ecirc;s, segundo o delegado, foram indiciados e poder&atilde;o ser condenados a penas que variam de tr&ecirc;s a seis anos de pris&atilde;o. <\/p>\n","protected":false},"excerpt":{"rendered":"<p>Agentes da Pol&iacute;cia Federal, em Niter&oacute;i, com aux&iacute;lio de fiscais da Ag&ecirc;ncia Nacional de Telecomunica&ccedil;&otilde;es (Anatel), fecharam ontem tr&ecirc;s emissoras que funcionavam clandestinamente em S&atilde;o Gon&ccedil;alo, na Regi&atilde;o Metropolitana. Tr&ecirc;s pessoas foram presas e os equipamentos apreendidos. As r&aacute;dios piratas, de acordo com as investiga&ccedil;&otilde;es da PF, estavam interferindo na freq&uuml;&ecirc;ncia usada por pilotos da &hellip; <a href=\"https:\/\/obscom.intervozes.org.br\/?p=20240\" class=\"more-link\">Continue lendo <span class=\"screen-reader-text\">PF fecha tr\u00eas r\u00e1dios piratas em S\u00e3o Gon\u00e7alo<\/span> <span class=\"meta-nav\">&rarr;<\/span><\/a><\/p>\n","protected":false},"author":1,"featured_media":0,"comment_status":"open","ping_status":"open","sticky":false,"template":"","format":"standard","meta":{"footnotes":""},"categories":[40],"tags":[344],"_links":{"self":[{"href":"https:\/\/obscom.intervozes.org.br\/index.php?rest_route=\/wp\/v2\/posts\/20240"}],"collection":[{"href":"https:\/\/obscom.intervozes.org.br\/index.php?rest_route=\/wp\/v2\/posts"}],"about":[{"href":"https:\/\/obscom.intervozes.org.br\/index.php?rest_route=\/wp\/v2\/types\/post"}],"author":[{"embeddable":true,"href":"https:\/\/obscom.intervozes.org.br\/index.php?rest_route=\/wp\/v2\/users\/1"}],"replies":[{"embeddable":true,"href":"https:\/\/obscom.intervozes.org.br\/index.php?rest_route=%2Fwp%2Fv2%2Fcomments&post=20240"}],"version-history":[{"count":0,"href":"https:\/\/obscom.intervozes.org.br\/index.php?rest_route=\/wp\/v2\/posts\/20240\/revisions"}],"wp:attachment":[{"href":"https:\/\/obscom.intervozes.org.br\/index.php?rest_route=%2Fwp%2Fv2%2Fmedia&parent=20240"}],"wp:term":[{"taxonomy":"category","embeddable":true,"href":"https:\/\/obscom.intervozes.org.br\/index.php?rest_route=%2Fwp%2Fv2%2Fcategories&post=20240"},{"taxonomy":"post_tag","embeddable":true,"href":"https:\/\/obscom.intervozes.org.br\/index.php?rest_route=%2Fwp%2Fv2%2Ftags&post=20240"}],"curies":[{"name":"wp","href":"https:\/\/api.w.org\/{rel}","templated":true}]}}