{"id":20237,"date":"2008-01-17T19:31:07","date_gmt":"2008-01-17T19:31:07","guid":{"rendered":"https:\/\/obscom.intervozes.org.br\/wordpress\/?p=20237"},"modified":"2014-09-07T02:54:47","modified_gmt":"2014-09-07T02:54:47","slug":"estados-cedem-estrutura-a-emissoras-privadas-de-televisao","status":"publish","type":"post","link":"https:\/\/obscom.intervozes.org.br\/?p=20237","title":{"rendered":"Estados cedem estrutura a emissoras privadas de televis\u00e3o"},"content":{"rendered":"<p><span>A participa&ccedil;&atilde;o de &oacute;rg&atilde;os p&uacute;blicos na manuten&ccedil;&atilde;o das redes de retransmiss&atilde;o de emissoras de TV privadas n&atilde;o &eacute; privil&eacute;gio das prefeituras brasileiras [ver &lsquo;<\/span><span><a href=\"http:\/\/localhost\/intervozes_direitoacomunicacao\/wordpress\/?p=19857\">Prefeituras financiam emissoras comerciais de televis&atilde;o&rsquo;<\/a> &nbsp;e &lsquo;<a href=\"http:\/\/localhost\/intervozes_direitoacomunicacao\/wordpress\/?p=19858\">Demanda atendida &eacute; desprezada por modelo de neg&oacute;cio&rsquo;<\/a>]. O envolvimento dos estados da federa&ccedil;&atilde;o nesta prom&iacute;scua rela&ccedil;&atilde;o tamb&eacute;m &eacute; <\/span><span>&nbsp;exemplo do total descontrole que impera no setor de radiodifus&atilde;o do pa&iacute;s. Para demonstrar como os estados patrocinam, com dinheiro p&uacute;blico, a consolida&ccedil;&atilde;o dos sistemas privados de televis&atilde;o, &eacute; preciso lidar com uma dose de informalidades e contornar dados caducos.<\/p>\n<p><\/span><span>Foi esta a situa&ccedil;&atilde;o encontrada pelo Observat&oacute;rio do Direito &agrave; Comunica&ccedil;&atilde;o ao fazer um levantamento das autoriza&ccedil;&otilde;es para retransmissoras de TV (RTV) em nome de &oacute;rg&atilde;os p&uacute;blicos estaduais. A pesquisa no banco de dados da Ag&ecirc;ncia Nacional de Telecomunica&ccedil;&otilde;es (Anatel) apontou tr&ecirc;s estados onde funda&ccedil;&otilde;es ou departamentos espec&iacute;ficos teriam um grande n&uacute;mero de RTVs cedidas a TVs comerciais: Minas Gerais, Pernambuco e Cear&aacute;. <\/p>\n<p><\/span><span>Consultados, cada &oacute;rg&atilde;o descreveu situa&ccedil;&otilde;es t&atilde;o surpreendentes quanto o j&aacute; conhecido caso da Funda&ccedil;&atilde;o de Telecomunica&ccedil;&otilde;es do Par&aacute; (Funtelpa), alvo de investiga&ccedil;&otilde;es do Minist&eacute;rio P&uacute;blico Federal. No caso de Pernambuco, at&eacute; mesmo os dirigentes do &oacute;rg&atilde;o respons&aacute;vel mostraram-se surpresos. Segundo Wellington Sampaio, diretor-t&eacute;cnico do Departamento de Telecomunica&ccedil;&otilde;es de Pernambuco (Detelpe), ainda n&atilde;o se sabe como 52 canais de retransmiss&atilde;o autorizados em nome do departamento eram, at&eacute; pouco tempo atr&aacute;s, usados pela Rede Globo para levar seu sinal ao interior do estado. &ldquo;A gente est&aacute; tentando entender como isso aconteceu&rdquo;, comenta Sampaio, referindo-se &agrave; falta de registros ou informa&ccedil;&otilde;es sobre contratos ou conv&ecirc;nios entre o governo pernambucano e a empresa.<\/p>\n<p><\/span><span>Ainda segundo o diretor, durante a atual gest&atilde;o, &ldquo;a Globo devolveu &agrave; TV Pernambuco a maioria dos canais&rdquo;. Com isso, o canal p&uacute;blico ampliou sua &aacute;rea de cobertura e chega agora a 76 munic&iacute;pios. <\/p>\n<p><\/span><span>Por&eacute;m, nem todos os canais foram devolvidos. Nas palavras do diretor-t&eacute;cnico, a TV Grande Rio, afiliada da Globo na regi&atilde;o de Petrolina, &ldquo;est&aacute; fazendo jogo duro&rdquo;. Interessante notar que essa emissora n&atilde;o est&aacute; citada no banco de dados da Anatel como geradora do sinal de qualquer uma das retransmissoras do Detelpe. Em Petrolina, o departamento teria duas autoriza&ccedil;&otilde;es de RTV: o canal 13 e o canal 6 (que estaria cedido &agrave; Globo). A TV Grande Rio ocupa o canal 2.<\/p>\n<p><\/span><span><strong>Discrep&acirc;ncias<\/p>\n<p><\/strong><\/span><span>No caso cearense, &eacute; exatamente a discrep&acirc;ncia entre os dados da Funda&ccedil;&atilde;o de Tele-educa&ccedil;&atilde;o do Cear&aacute; (Funtelc) e o banco de dados da Anatel que salta aos olhos. A pesquisa oficial aponta 152 RTVs autorizadas &agrave; Funtelc, todas elas cedidas ou &agrave; TV Verdes Mares ou &agrave; RedeTV!. A funda&ccedil;&atilde;o informa que s&atilde;o 153 retransmissoras, todas funcionando para levar o sinal da TV Cear&aacute; para o interior. A localiza&ccedil;&atilde;o das RTVs nas duas listas tamb&eacute;m n&atilde;o confere, na maioria dos casos.<\/p>\n<p><\/span><span>Questionado sobre os dados oficiais, o coordenador-executivo da Funtelc\/TV Cear&aacute;, Pedro Idelano de Alencar Fel&iacute;cio, afirmou que &ldquo;nunca aconteceu de ter retransmissoras a servi&ccedil;o das TVs privadas&rdquo;. A informa&ccedil;&atilde;o pode ser v&aacute;lida para o per&iacute;odo mais recente, por&eacute;m, como informam funcion&aacute;rios da TV Verdes Mares, at&eacute; 1994, as retransmissoras eram licitadas pelo governo estadual.<\/p>\n<p><\/span><span>Os dados dos Sistemas Interativos da Anatel, portanto, podem estar refletindo uma situa&ccedil;&atilde;o de mais de 10 anos atr&aacute;s. Consultada, a ag&ecirc;ncia informou que os bancos de dados s&atilde;o de responsabilidade conjunta da Anatel e do Minist&eacute;rio das Comunica&ccedil;&otilde;es. Especificamente, as informa&ccedil;&otilde;es sobre concess&otilde;es e autoriza&ccedil;&otilde;es s&atilde;o de responsabilidade do Minist&eacute;rio.<\/p>\n<p><\/span><span><strong>Terra de ningu&eacute;m?<\/p>\n<p><\/strong><\/span><span>A diferen&ccedil;a de informa&ccedil;&otilde;es entre o banco de dados dos &oacute;rg&atilde;os reguladores e o que informam as entidades estaduais &eacute; ainda mais sens&iacute;vel quando se tenta demonstrar a situa&ccedil;&atilde;o do estado do ministro H&eacute;lio Costa. Os dados oficiais apontam 65 RTVs em nome do Departamento de Telecomunica&ccedil;&otilde;es de Minas Gerais (Detel), sendo 62 retransmitindo o sinal de emissoras privadas e 3, da TV Minas. <\/p>\n<p><\/span><span>O departamento, por sua vez, informa ter instaladas 1.019 esta&ccedil;&otilde;es retransmissoras. Destas, 781 fazem parte do sistema de retransmiss&atilde;o da Rede Minas, emissora educativa ligada ao governo do estado. O Detel informa, ainda, que possui 234 transmissores cedidos a emissoras comerciais. Outros 43 s&atilde;o usados por TVs educativas locais (algumas delas ligadas a funda&ccedil;&otilde;es privadas, mas afiliadas &agrave; Rede Minas) e 9 retransmitem o sinal da TV Universit&aacute;ria de Lavras.<\/p>\n<p><\/span><span>No caso mineiro, foi poss&iacute;vel compreender as raz&otilde;es para tamanha discrep&acirc;ncia: a morosidade na an&aacute;lise dos processos pelo Minist&eacute;rio das Comunica&ccedil;&otilde;es. Segundo Ana Fl&aacute;via Soares Prates, engenheira de opera&ccedil;&otilde;es do Detel, todos os retransmissores &ldquo;est&atilde;o regularizados&rdquo;. &ldquo;Toda a parte burocr&aacute;tica est&aacute; entregue ao Minist&eacute;rio&rdquo;, disse. &ldquo;Como os processos est&atilde;o h&aacute; muito tempo parados, tudo entrou em funcionamento.&rdquo;<\/p>\n<p><\/span><span>Leia mais em <a href=\"http:\/\/localhost\/intervozes_direitoacomunicacao\/wordpress\/?p=20238\">&#39;Estados acumulam preju&iacute;zos com cess&atilde;o de retransmissoras&#39;<\/a><\/span><\/p>\n","protected":false},"excerpt":{"rendered":"<p>Assim como 1.604 prefeituras, governos estaduais tamb\u00e9m repassam retransmissoras a TVs comerciais; informa\u00e7\u00f5es desencontradas e dados caducos dificultam medir o tamanho do problema.<\/p>\n","protected":false},"author":1,"featured_media":0,"comment_status":"open","ping_status":"open","sticky":false,"template":"","format":"standard","meta":{"footnotes":""},"categories":[40],"tags":[106],"_links":{"self":[{"href":"https:\/\/obscom.intervozes.org.br\/index.php?rest_route=\/wp\/v2\/posts\/20237"}],"collection":[{"href":"https:\/\/obscom.intervozes.org.br\/index.php?rest_route=\/wp\/v2\/posts"}],"about":[{"href":"https:\/\/obscom.intervozes.org.br\/index.php?rest_route=\/wp\/v2\/types\/post"}],"author":[{"embeddable":true,"href":"https:\/\/obscom.intervozes.org.br\/index.php?rest_route=\/wp\/v2\/users\/1"}],"replies":[{"embeddable":true,"href":"https:\/\/obscom.intervozes.org.br\/index.php?rest_route=%2Fwp%2Fv2%2Fcomments&post=20237"}],"version-history":[{"count":3,"href":"https:\/\/obscom.intervozes.org.br\/index.php?rest_route=\/wp\/v2\/posts\/20237\/revisions"}],"predecessor-version":[{"id":27803,"href":"https:\/\/obscom.intervozes.org.br\/index.php?rest_route=\/wp\/v2\/posts\/20237\/revisions\/27803"}],"wp:attachment":[{"href":"https:\/\/obscom.intervozes.org.br\/index.php?rest_route=%2Fwp%2Fv2%2Fmedia&parent=20237"}],"wp:term":[{"taxonomy":"category","embeddable":true,"href":"https:\/\/obscom.intervozes.org.br\/index.php?rest_route=%2Fwp%2Fv2%2Fcategories&post=20237"},{"taxonomy":"post_tag","embeddable":true,"href":"https:\/\/obscom.intervozes.org.br\/index.php?rest_route=%2Fwp%2Fv2%2Ftags&post=20237"}],"curies":[{"name":"wp","href":"https:\/\/api.w.org\/{rel}","templated":true}]}}