{"id":20236,"date":"2008-01-17T18:52:38","date_gmt":"2008-01-17T18:52:38","guid":{"rendered":"https:\/\/obscom.intervozes.org.br\/wordpress\/?p=20236"},"modified":"2008-01-17T18:52:38","modified_gmt":"2008-01-17T18:52:38","slug":"idec-e-contra-aquisicao-da-brasil-telecom-pelo-grupo-oi","status":"publish","type":"post","link":"https:\/\/obscom.intervozes.org.br\/?p=20236","title":{"rendered":"Idec \u00e9 contra aquisi\u00e7\u00e3o da Brasil Telecom pelo Grupo Oi"},"content":{"rendered":"<p style=\"margin: 0cm 0cm 0pt\" class=\"MsoNormal\"><span>O Idec &#8211; Instituto Brasileiro de Defesa do Consumidor&nbsp;enviou nesta quinta-feira (17\/01) carta a diferentes autoridades pedindo a n&atilde;o aprova&ccedil;&atilde;o da compra da Brasil Telecom S.A pelo Grupo Oi. Segundo a entidade, a fus&atilde;o trar&aacute; conseq&uuml;&ecirc;ncias que podem prejudicar o consumidor. O&nbsp;principal receio do Idec diz respeito &agrave; maior concentra&ccedil;&atilde;o do mercado de telefonia no pa&iacute;s. Al&eacute;m disso, o instituto est&aacute; preocupado com os problemas que esta transa&ccedil;&atilde;o pode causar para os j&aacute; clientes destas operadoras.<\/p>\n<p><\/span><span>Segundo o Idec, com a fus&atilde;o das duas empresas haver&aacute; redu&ccedil;&atilde;o da concorr&ecirc;ncia atrav&eacute;s da exclus&atilde;o de uma prestadora do servi&ccedil;o de telefonia fixa, hoje o &uacute;nico no setor de telecomunica&ccedil;&otilde;es a ser prestado em regime p&uacute;blico, &ldquo;com potenciais preju&iacute;zos para o consumidor&rdquo;, inclusive &ldquo;pelos problemas e infra&ccedil;&otilde;es aos direitos dos consumidores que opera&ccedil;&otilde;es deste porte geralmente provocam, afetando a base de clientes de ambas empresas&rdquo;.<\/p>\n<p><\/span><span>Um outro questionamento feito pelo Idec corresponde ao fato desta aquisi&ccedil;&atilde;o n&atilde;o estar de acordo com a legisla&ccedil;&atilde;o atual. &ldquo;Preocupa o fato de que a aquisi&ccedil;&atilde;o de uma concession&aacute;ria por outra est&aacute; em desacordo com o marco legal vigente no pa&iacute;s, em especial com o artigo 14 do Decreto n&ordm; 2.534 de 1998, que aprovou o Plano Geral de Outorgas (PGO) de servi&ccedil;o de telecomunica&ccedil;&otilde;es prestado no regime p&uacute;blico&rdquo;, diz a carta enviada &agrave;s autoridades.<\/p>\n<p><\/span><span>Por fim, o instituto manifesta-se contra a aprova&ccedil;&atilde;o do neg&oacute;cio e afirma que, caso o governo entenda que a aquisi&ccedil;&atilde;o da BrT pela Oi ser&aacute; positiva para o pa&iacute;s, deve atuar em conjunto com a Anatel &ndash; Ag&ecirc;ncia Nacional de Telecomunica&ccedil;&otilde;es &ldquo;de maneira incisiva e articulada para garantir os interesses de toda coletividade, o que deve se dar atrav&eacute;s de medidas para assegurar mais competi&ccedil;&atilde;o e evitar maior concentra&ccedil;&atilde;o no mercado, al&eacute;m da exig&ecirc;ncia de manuten&ccedil;&atilde;o da qualidade do servi&ccedil;o prestado ao consumidor final e dos contratos em vigor&rdquo;.<\/p>\n<p><\/span><span>Segundo o advogado do Idec, Luiz Fernando Moncau, &ldquo;n&atilde;o se pode permitir que essa transa&ccedil;&atilde;o prejudique o consumidor. J&aacute; h&aacute; grande concentra&ccedil;&atilde;o neste mercado e, se a aquisi&ccedil;&atilde;o for liberada, o governo federal e da Anatel dever&atilde;o tomar as medidas necess&aacute;rias para reverter esse quadro e evitar maiores problemas&rdquo;. <\/p>\n<p><\/span><\/p>\n<p><span>A carta foi encaminhada ao ministro das Comunica&ccedil;&otilde;es, H&eacute;lio Costa; ao presidente da Anatel, Ronaldo Mota Sardenberg; &agrave; ministra-chefe da Casa Civil, Dilma Rousseff; e &agrave; secret&aacute;ria de direito econ&ocirc;mico do Minist&eacute;rio da Justi&ccedil;a, Mariana Tavares de Ara&uacute;jo.<\/p>\n<p><\/span><span>A &iacute;ntegra da carta pode ser encontrada no site do Idec <a href=\"http:\/\/www.idec.org.br\/\">www.idec.org.br<\/a>.<\/p>\n<p><em>* Com informa&ccedil;&otilde;es do Idec.<\/em><\/span><\/p>\n","protected":false},"excerpt":{"rendered":"<p>O Idec &#8211; Instituto Brasileiro de Defesa do Consumidor&nbsp;enviou nesta quinta-feira (17\/01) carta a diferentes autoridades pedindo a n&atilde;o aprova&ccedil;&atilde;o da compra da Brasil Telecom S.A pelo Grupo Oi. Segundo a entidade, a fus&atilde;o trar&aacute; conseq&uuml;&ecirc;ncias que podem prejudicar o consumidor. O&nbsp;principal receio do Idec diz respeito &agrave; maior concentra&ccedil;&atilde;o do mercado de telefonia no &hellip; <a href=\"https:\/\/obscom.intervozes.org.br\/?p=20236\" class=\"more-link\">Continue lendo <span class=\"screen-reader-text\">Idec \u00e9 contra aquisi\u00e7\u00e3o da Brasil Telecom pelo Grupo Oi<\/span> <span class=\"meta-nav\">&rarr;<\/span><\/a><\/p>\n","protected":false},"author":1,"featured_media":0,"comment_status":"open","ping_status":"open","sticky":false,"template":"","format":"standard","meta":{"footnotes":""},"categories":[40],"tags":[240],"_links":{"self":[{"href":"https:\/\/obscom.intervozes.org.br\/index.php?rest_route=\/wp\/v2\/posts\/20236"}],"collection":[{"href":"https:\/\/obscom.intervozes.org.br\/index.php?rest_route=\/wp\/v2\/posts"}],"about":[{"href":"https:\/\/obscom.intervozes.org.br\/index.php?rest_route=\/wp\/v2\/types\/post"}],"author":[{"embeddable":true,"href":"https:\/\/obscom.intervozes.org.br\/index.php?rest_route=\/wp\/v2\/users\/1"}],"replies":[{"embeddable":true,"href":"https:\/\/obscom.intervozes.org.br\/index.php?rest_route=%2Fwp%2Fv2%2Fcomments&post=20236"}],"version-history":[{"count":0,"href":"https:\/\/obscom.intervozes.org.br\/index.php?rest_route=\/wp\/v2\/posts\/20236\/revisions"}],"wp:attachment":[{"href":"https:\/\/obscom.intervozes.org.br\/index.php?rest_route=%2Fwp%2Fv2%2Fmedia&parent=20236"}],"wp:term":[{"taxonomy":"category","embeddable":true,"href":"https:\/\/obscom.intervozes.org.br\/index.php?rest_route=%2Fwp%2Fv2%2Fcategories&post=20236"},{"taxonomy":"post_tag","embeddable":true,"href":"https:\/\/obscom.intervozes.org.br\/index.php?rest_route=%2Fwp%2Fv2%2Ftags&post=20236"}],"curies":[{"name":"wp","href":"https:\/\/api.w.org\/{rel}","templated":true}]}}