{"id":20228,"date":"2008-01-17T10:55:49","date_gmt":"2008-01-17T10:55:49","guid":{"rendered":"https:\/\/obscom.intervozes.org.br\/wordpress\/?p=20228"},"modified":"2008-01-17T10:55:49","modified_gmt":"2008-01-17T10:55:49","slug":"associacao-de-juizes-diz-que-protesto-de-requiao-na-tv-educativa-e-deboche","status":"publish","type":"post","link":"https:\/\/obscom.intervozes.org.br\/?p=20228","title":{"rendered":"Associa\u00e7\u00e3o de ju\u00edzes diz que protesto de Requi\u00e3o na TV Educativa \u00e9 deboche"},"content":{"rendered":"<p>O protesto de Roberto Requi&atilde;o (PMDB), governador do Paran&aacute;, contra decis&atilde;o judicial que o proibiu de usar a TV Educativa para criticar advers&aacute;rios e institui&ccedil;&otilde;es provocou rea&ccedil;&atilde;o da Ajufe (Associa&ccedil;&atilde;o dos Ju&iacute;zes Federais do Brasil). A Ajufe declarou, em nota, que a atitude de Requi&atilde;o &quot;debocha e desrespeita acintosamente as decis&otilde;es judiciais&quot;. Diz, ainda, que o governador &quot;maltrata o regime democr&aacute;tico&quot;.<\/p>\n<p>Na &uacute;ltima ter&ccedil;a-feira (15), o peemedebista fez um protesto contra o juiz federal que atendeu o pedido da Procuradoria e o proibiu de atacar advers&aacute;rios utilizando a TV Educativa do Paran&aacute;. Durante o programa &quot;Escola de Governo&quot;, no momento em que Requi&atilde;o se manifestava, o &aacute;udio de sua voz foi cortado a uma faixa com a palavra &quot;censurado&quot; aparecia transversalmente na tela.&nbsp;A montagem tinha a inten&ccedil;&atilde;o de associar o sil&ecirc;ncio do governador &agrave; decis&atilde;o do juiz Edgard Lippman J&uacute;nior, do TRF &#8211; 4 (Tribunal Regional Federal da 4&ordm; Regi&atilde;o). <\/p>\n<p>Quem assina a nota da Ajufe &eacute; Walter Nunes da Silva. &quot;Quando um governador debocha e desrespeita acintosamente as decis&otilde;es judiciais, d&aacute; a todas as pessoas contrariadas pelos ju&iacute;zes a legitima&ccedil;&atilde;o de agirem de modo similar&quot;, afirmou Nunes da Silva.<\/p>\n<p>As informa&ccedil;&otilde;es s&atilde;o do&nbsp;Portal Imprensa.<\/p>\n","protected":false},"excerpt":{"rendered":"<p>O protesto de Roberto Requi&atilde;o (PMDB), governador do Paran&aacute;, contra decis&atilde;o judicial que o proibiu de usar a TV Educativa para criticar advers&aacute;rios e institui&ccedil;&otilde;es provocou rea&ccedil;&atilde;o da Ajufe (Associa&ccedil;&atilde;o dos Ju&iacute;zes Federais do Brasil). A Ajufe declarou, em nota, que a atitude de Requi&atilde;o &quot;debocha e desrespeita acintosamente as decis&otilde;es judiciais&quot;. Diz, ainda, que &hellip; <a href=\"https:\/\/obscom.intervozes.org.br\/?p=20228\" class=\"more-link\">Continue lendo <span class=\"screen-reader-text\">Associa\u00e7\u00e3o de ju\u00edzes diz que protesto de Requi\u00e3o na TV Educativa \u00e9 deboche<\/span> <span class=\"meta-nav\">&rarr;<\/span><\/a><\/p>\n","protected":false},"author":1,"featured_media":0,"comment_status":"open","ping_status":"open","sticky":false,"template":"","format":"standard","meta":{"footnotes":""},"categories":[39],"tags":[90],"_links":{"self":[{"href":"https:\/\/obscom.intervozes.org.br\/index.php?rest_route=\/wp\/v2\/posts\/20228"}],"collection":[{"href":"https:\/\/obscom.intervozes.org.br\/index.php?rest_route=\/wp\/v2\/posts"}],"about":[{"href":"https:\/\/obscom.intervozes.org.br\/index.php?rest_route=\/wp\/v2\/types\/post"}],"author":[{"embeddable":true,"href":"https:\/\/obscom.intervozes.org.br\/index.php?rest_route=\/wp\/v2\/users\/1"}],"replies":[{"embeddable":true,"href":"https:\/\/obscom.intervozes.org.br\/index.php?rest_route=%2Fwp%2Fv2%2Fcomments&post=20228"}],"version-history":[{"count":0,"href":"https:\/\/obscom.intervozes.org.br\/index.php?rest_route=\/wp\/v2\/posts\/20228\/revisions"}],"wp:attachment":[{"href":"https:\/\/obscom.intervozes.org.br\/index.php?rest_route=%2Fwp%2Fv2%2Fmedia&parent=20228"}],"wp:term":[{"taxonomy":"category","embeddable":true,"href":"https:\/\/obscom.intervozes.org.br\/index.php?rest_route=%2Fwp%2Fv2%2Fcategories&post=20228"},{"taxonomy":"post_tag","embeddable":true,"href":"https:\/\/obscom.intervozes.org.br\/index.php?rest_route=%2Fwp%2Fv2%2Ftags&post=20228"}],"curies":[{"name":"wp","href":"https:\/\/api.w.org\/{rel}","templated":true}]}}