{"id":20224,"date":"2008-01-16T20:34:37","date_gmt":"2008-01-16T20:34:37","guid":{"rendered":"https:\/\/obscom.intervozes.org.br\/wordpress\/?p=20224"},"modified":"2008-01-16T20:34:37","modified_gmt":"2008-01-16T20:34:37","slug":"tvs-ja-tem-condicoes-de-se-adequar-ao-fuso-diz-mj","status":"publish","type":"post","link":"https:\/\/obscom.intervozes.org.br\/?p=20224","title":{"rendered":"TVs j\u00e1 t\u00eam condi\u00e7\u00f5es de se adequar ao fuso, diz MJ"},"content":{"rendered":"<p><span>Bras&iacute;lia &#8211; O n&iacute;vel t&eacute;cnico das emissoras de televis&atilde;o brasileiras&nbsp; permitir&aacute; que seja feito o ajuste da programa&ccedil;&atilde;o de cada uma at&eacute; o dia 7 de abril de 2008, para ajustar as suas programa&ccedil;&otilde;es aos diferentes fusos hor&aacute;rios do pa&iacute;s, como forma de cumprir a vincula&ccedil;&atilde;o entre faixa et&aacute;ria e hor&aacute;rio de veicula&ccedil;&atilde;o prevista na Portaria 1.220\/07. <\/p>\n<p><\/span><span>A opini&atilde;o &eacute; do diretor-adjunto do Departamento de Justi&ccedil;a, Classifica&ccedil;&atilde;o, Qualifica&ccedil;&atilde;o e T&iacute;tulos do Minist&eacute;rio da Justi&ccedil;a, Davi Pires. Em entrevista ao programa Revista Brasil, da R&aacute;dio Nacional, ele disse que h&aacute; tr&ecirc;s alternativas para o ajuste da programa&ccedil;&atilde;o.<\/p>\n<p><\/span><span>&ldquo;Uma diferen&ccedil;a de hor&aacute;rio poderia ser vi&aacute;vel, n&atilde;o transmitindo [a programa&ccedil;&atilde;o] ao vivo para todas as emissoras filiadas. Se n&atilde;o for isso, talvez, retardando a programa&ccedil;&atilde;o. Assim, as emissoras teriam que gravar. E uma terceira possibilidade seria que a programa&ccedil;&atilde;o fosse adequada para um adolescente de 12 anos [que n&atilde;o teria] problemas para assistir &agrave; novela, por exemplo.&rdquo;<\/p>\n<p><\/span><span>De acordo com Pires, a classifica&ccedil;&atilde;o indicativa tem a faixa hor&aacute;ria livre &ndash; para crian&ccedil;as de at&eacute; dez anos &#8211; que pode ser exibida em qualquer hor&aacute;rio; a faixa de 12 anos &eacute; inadequada para a exibi&ccedil;&atilde;o antes das 20 horas; a faixa de 14 &eacute; inadequada para antes das 21 horas; a de 16, antes das 22 horas e a de 18, somente a partir das 23 horas.<\/p>\n<p><\/span><span>O diretor-adjunto informou que o Minist&eacute;rio da Justi&ccedil;a preparou para este ano uma pesquisa, feita em todo o Brasil, para verificar como est&aacute; chegando a classifica&ccedil;&atilde;o indicativa nos lares. O resultado deve ficar pronto at&eacute; o final do primeiro semestre.<\/p>\n<p><\/span><span>&ldquo;Essa pesquisa &eacute; uma forma de aproximar a nossa classifica&ccedil;&atilde;o indicativa &agrave; realidade, ou pelo menos termos uma vis&atilde;o mais clara de como as fam&iacute;lias se deparam com a classifica&ccedil;&atilde;o indicativa.&rdquo;<\/p>\n<p><\/span><span>O Minist&eacute;rio da Justi&ccedil;a tem um canal aberto na internet, para a sociedade fazer reclama&ccedil;&otilde;es, tirar d&uacute;vidas ou deixar sugest&otilde;es sobre as programa&ccedil;&otilde;es da televis&atilde;o brasileira. O endere&ccedil;o &eacute; www.mj.gov.br\/classificacao<\/span><\/p>\n","protected":false},"excerpt":{"rendered":"<p>Bras&iacute;lia &#8211; O n&iacute;vel t&eacute;cnico das emissoras de televis&atilde;o brasileiras&nbsp; permitir&aacute; que seja feito o ajuste da programa&ccedil;&atilde;o de cada uma at&eacute; o dia 7 de abril de 2008, para ajustar as suas programa&ccedil;&otilde;es aos diferentes fusos hor&aacute;rios do pa&iacute;s, como forma de cumprir a vincula&ccedil;&atilde;o entre faixa et&aacute;ria e hor&aacute;rio de veicula&ccedil;&atilde;o prevista na &hellip; <a href=\"https:\/\/obscom.intervozes.org.br\/?p=20224\" class=\"more-link\">Continue lendo <span class=\"screen-reader-text\">TVs j\u00e1 t\u00eam condi\u00e7\u00f5es de se adequar ao fuso, diz MJ<\/span> <span class=\"meta-nav\">&rarr;<\/span><\/a><\/p>\n","protected":false},"author":1,"featured_media":0,"comment_status":"open","ping_status":"open","sticky":false,"template":"","format":"standard","meta":{"footnotes":""},"categories":[40],"tags":[111],"_links":{"self":[{"href":"https:\/\/obscom.intervozes.org.br\/index.php?rest_route=\/wp\/v2\/posts\/20224"}],"collection":[{"href":"https:\/\/obscom.intervozes.org.br\/index.php?rest_route=\/wp\/v2\/posts"}],"about":[{"href":"https:\/\/obscom.intervozes.org.br\/index.php?rest_route=\/wp\/v2\/types\/post"}],"author":[{"embeddable":true,"href":"https:\/\/obscom.intervozes.org.br\/index.php?rest_route=\/wp\/v2\/users\/1"}],"replies":[{"embeddable":true,"href":"https:\/\/obscom.intervozes.org.br\/index.php?rest_route=%2Fwp%2Fv2%2Fcomments&post=20224"}],"version-history":[{"count":0,"href":"https:\/\/obscom.intervozes.org.br\/index.php?rest_route=\/wp\/v2\/posts\/20224\/revisions"}],"wp:attachment":[{"href":"https:\/\/obscom.intervozes.org.br\/index.php?rest_route=%2Fwp%2Fv2%2Fmedia&parent=20224"}],"wp:term":[{"taxonomy":"category","embeddable":true,"href":"https:\/\/obscom.intervozes.org.br\/index.php?rest_route=%2Fwp%2Fv2%2Fcategories&post=20224"},{"taxonomy":"post_tag","embeddable":true,"href":"https:\/\/obscom.intervozes.org.br\/index.php?rest_route=%2Fwp%2Fv2%2Ftags&post=20224"}],"curies":[{"name":"wp","href":"https:\/\/api.w.org\/{rel}","templated":true}]}}