{"id":20216,"date":"2008-01-16T14:37:01","date_gmt":"2008-01-16T14:37:01","guid":{"rendered":"https:\/\/obscom.intervozes.org.br\/wordpress\/?p=20216"},"modified":"2008-01-16T14:37:01","modified_gmt":"2008-01-16T14:37:01","slug":"projeto-de-lei-preve-que-radios-possam-usar-programacao-do-congresso","status":"publish","type":"post","link":"https:\/\/obscom.intervozes.org.br\/?p=20216","title":{"rendered":"Projeto de Lei prev\u00ea que r\u00e1dios possam usar programa\u00e7\u00e3o do Congresso"},"content":{"rendered":"<p>A programa&ccedil;&atilde;o das r&aacute;dios C&acirc;mara e Senado poder&aacute; ser transmitida pelas r&aacute;dios comunit&aacute;rias espalhadas pelo Pa&iacute;s. A determina&ccedil;&atilde;o consta no Projeto de Lei 1352\/07, do deputado Jos&eacute; Guimar&atilde;es (PT-CE), que inclui um dispositivo na Lei 9.612\/98, que regulamentou o servi&ccedil;o de radiodifus&atilde;o comunit&aacute;ria. Atualmente essas r&aacute;dios s&atilde;o proibidas, pela lei, de operar em rede. Isso impede o uso da programa&ccedil;&atilde;o das emissoras do Legislativo. <\/p>\n<p>Para o deputado, a transmiss&atilde;o das informa&ccedil;&otilde;es da C&acirc;mara e do Senado contribuir&aacute; para o aprimoramento das r&aacute;dios comunit&aacute;rias. Al&eacute;m disso, permitir&aacute; &agrave;s comunidades conhecer o posicionamento dos deputados e senadores. <\/p>\n<p>As R&aacute;dios comunit&aacute;rias s&atilde;o emissoras FM de baixa pot&ecirc;ncia que atuam em comunidades, vilas, bairros e distritos. O funcionamento &eacute; autorizado pelo Congresso Nacional, depois da licen&ccedil;a expedida pelo Minist&eacute;rio das Comunica&ccedil;&otilde;es, e regulado pela Ag&ecirc;ncia Nacional de Telecomunica&ccedil;&otilde;es (Anatel). Segundo o minist&eacute;rio, h&aacute; cerca de 3 mil entidades autorizadas a explorar r&aacute;dios comunit&aacute;rias no Pa&iacute;s. <\/p>\n<p>O projeto tramita em car&aacute;ter conclusivo e ser&aacute; analisado pelas comiss&otilde;es de Ci&ecirc;ncia e Tecnologia, Comunica&ccedil;&atilde;o e Inform&aacute;tica; e de Constitui&ccedil;&atilde;o e Justi&ccedil;a e de Cidadania. <\/p>\n","protected":false},"excerpt":{"rendered":"<p>A programa&ccedil;&atilde;o das r&aacute;dios C&acirc;mara e Senado poder&aacute; ser transmitida pelas r&aacute;dios comunit&aacute;rias espalhadas pelo Pa&iacute;s. A determina&ccedil;&atilde;o consta no Projeto de Lei 1352\/07, do deputado Jos&eacute; Guimar&atilde;es (PT-CE), que inclui um dispositivo na Lei 9.612\/98, que regulamentou o servi&ccedil;o de radiodifus&atilde;o comunit&aacute;ria. Atualmente essas r&aacute;dios s&atilde;o proibidas, pela lei, de operar em rede. Isso &hellip; <a href=\"https:\/\/obscom.intervozes.org.br\/?p=20216\" class=\"more-link\">Continue lendo <span class=\"screen-reader-text\">Projeto de Lei prev\u00ea que r\u00e1dios possam usar programa\u00e7\u00e3o do Congresso<\/span> <span class=\"meta-nav\">&rarr;<\/span><\/a><\/p>\n","protected":false},"author":1,"featured_media":0,"comment_status":"open","ping_status":"open","sticky":false,"template":"","format":"standard","meta":{"footnotes":""},"categories":[40],"tags":[155],"_links":{"self":[{"href":"https:\/\/obscom.intervozes.org.br\/index.php?rest_route=\/wp\/v2\/posts\/20216"}],"collection":[{"href":"https:\/\/obscom.intervozes.org.br\/index.php?rest_route=\/wp\/v2\/posts"}],"about":[{"href":"https:\/\/obscom.intervozes.org.br\/index.php?rest_route=\/wp\/v2\/types\/post"}],"author":[{"embeddable":true,"href":"https:\/\/obscom.intervozes.org.br\/index.php?rest_route=\/wp\/v2\/users\/1"}],"replies":[{"embeddable":true,"href":"https:\/\/obscom.intervozes.org.br\/index.php?rest_route=%2Fwp%2Fv2%2Fcomments&post=20216"}],"version-history":[{"count":0,"href":"https:\/\/obscom.intervozes.org.br\/index.php?rest_route=\/wp\/v2\/posts\/20216\/revisions"}],"wp:attachment":[{"href":"https:\/\/obscom.intervozes.org.br\/index.php?rest_route=%2Fwp%2Fv2%2Fmedia&parent=20216"}],"wp:term":[{"taxonomy":"category","embeddable":true,"href":"https:\/\/obscom.intervozes.org.br\/index.php?rest_route=%2Fwp%2Fv2%2Fcategories&post=20216"},{"taxonomy":"post_tag","embeddable":true,"href":"https:\/\/obscom.intervozes.org.br\/index.php?rest_route=%2Fwp%2Fv2%2Ftags&post=20216"}],"curies":[{"name":"wp","href":"https:\/\/api.w.org\/{rel}","templated":true}]}}