{"id":20214,"date":"2008-01-16T14:28:13","date_gmt":"2008-01-16T14:28:13","guid":{"rendered":"https:\/\/obscom.intervozes.org.br\/wordpress\/?p=20214"},"modified":"2008-01-16T14:28:13","modified_gmt":"2008-01-16T14:28:13","slug":"ligacoes-telefonicas-sem-identificacao-podem-ser-proibidas","status":"publish","type":"post","link":"https:\/\/obscom.intervozes.org.br\/?p=20214","title":{"rendered":"Liga\u00e7\u00f5es telef\u00f4nicas sem identifica\u00e7\u00e3o podem ser proibidas"},"content":{"rendered":"<p>A C&acirc;mara analisa o Projeto de Lei 827\/07, do deputado Carlos Willian (PTC-MG), que inclui entre os direitos dos usu&aacute;rios de servi&ccedil;os de telecomunica&ccedil;&otilde;es o conhecimento do n&uacute;mero de origem das chamadas para sua linha e a n&atilde;o-divulga&ccedil;&atilde;o de seu n&uacute;mero telef&ocirc;nico em listas de assinantes. Dessa forma, o projeto pro&iacute;be a oculta&ccedil;&atilde;o do n&uacute;mero em chamadas telef&ocirc;nicas. <\/p>\n<p>O deputado justifica a proposta principalmente pelas not&iacute;cias de seq&uuml;estros forjados a partir de liga&ccedil;&otilde;es n&atilde;o identificadas originadas de aparelhos celulares. Segundo ele, a imprensa mostra que muitas dessas liga&ccedil;&otilde;es s&atilde;o feitas de dentro de pres&iacute;dios. &quot;Grande parcela das v&iacute;timas, aterrorizada diante das amea&ccedil;as apresentadas contra seus familiares, acaba cedendo &agrave; press&atilde;o dos malfeitores&quot;, disse. <\/p>\n<p>Ao mesmo tempo em que n&atilde;o permite mascarar o n&uacute;mero que origina as chamadas, coibindo os falsos seq&uuml;estros, o projeto visa a manter o anonimato do usu&aacute;rio diante do p&uacute;blico em geral. Por isso, o assinante ter&aacute; o direito de n&atilde;o divulgar o seu n&uacute;mero nas listas telef&ocirc;nicas, que podem ser fontes de informa&ccedil;&otilde;es para os criminosos. <\/p>\n<p><strong>Tramita&ccedil;&atilde;o <\/p>\n<p><\/strong>A proposta ser&aacute; analisada pela Comiss&atilde;o de Constitui&ccedil;&atilde;o e Justi&ccedil;a e de Cidadania e pelo Plen&aacute;rio. Ela foi apensada ao PL 3288\/04, do deputado Jos&eacute; Carlos Ara&uacute;jo (PR-BA). <\/p>\n","protected":false},"excerpt":{"rendered":"<p>A C&acirc;mara analisa o Projeto de Lei 827\/07, do deputado Carlos Willian (PTC-MG), que inclui entre os direitos dos usu&aacute;rios de servi&ccedil;os de telecomunica&ccedil;&otilde;es o conhecimento do n&uacute;mero de origem das chamadas para sua linha e a n&atilde;o-divulga&ccedil;&atilde;o de seu n&uacute;mero telef&ocirc;nico em listas de assinantes. Dessa forma, o projeto pro&iacute;be a oculta&ccedil;&atilde;o do n&uacute;mero &hellip; <a href=\"https:\/\/obscom.intervozes.org.br\/?p=20214\" class=\"more-link\">Continue lendo <span class=\"screen-reader-text\">Liga\u00e7\u00f5es telef\u00f4nicas sem identifica\u00e7\u00e3o podem ser proibidas<\/span> <span class=\"meta-nav\">&rarr;<\/span><\/a><\/p>\n","protected":false},"author":1,"featured_media":0,"comment_status":"open","ping_status":"open","sticky":false,"template":"","format":"standard","meta":{"footnotes":""},"categories":[40],"tags":[197],"_links":{"self":[{"href":"https:\/\/obscom.intervozes.org.br\/index.php?rest_route=\/wp\/v2\/posts\/20214"}],"collection":[{"href":"https:\/\/obscom.intervozes.org.br\/index.php?rest_route=\/wp\/v2\/posts"}],"about":[{"href":"https:\/\/obscom.intervozes.org.br\/index.php?rest_route=\/wp\/v2\/types\/post"}],"author":[{"embeddable":true,"href":"https:\/\/obscom.intervozes.org.br\/index.php?rest_route=\/wp\/v2\/users\/1"}],"replies":[{"embeddable":true,"href":"https:\/\/obscom.intervozes.org.br\/index.php?rest_route=%2Fwp%2Fv2%2Fcomments&post=20214"}],"version-history":[{"count":0,"href":"https:\/\/obscom.intervozes.org.br\/index.php?rest_route=\/wp\/v2\/posts\/20214\/revisions"}],"wp:attachment":[{"href":"https:\/\/obscom.intervozes.org.br\/index.php?rest_route=%2Fwp%2Fv2%2Fmedia&parent=20214"}],"wp:term":[{"taxonomy":"category","embeddable":true,"href":"https:\/\/obscom.intervozes.org.br\/index.php?rest_route=%2Fwp%2Fv2%2Fcategories&post=20214"},{"taxonomy":"post_tag","embeddable":true,"href":"https:\/\/obscom.intervozes.org.br\/index.php?rest_route=%2Fwp%2Fv2%2Ftags&post=20214"}],"curies":[{"name":"wp","href":"https:\/\/api.w.org\/{rel}","templated":true}]}}