{"id":20211,"date":"2008-01-16T10:44:11","date_gmt":"2008-01-16T10:44:11","guid":{"rendered":"https:\/\/obscom.intervozes.org.br\/wordpress\/?p=20211"},"modified":"2008-01-16T10:44:11","modified_gmt":"2008-01-16T10:44:11","slug":"requiao-propoe-debate-com-desembargador-e-juiza","status":"publish","type":"post","link":"https:\/\/obscom.intervozes.org.br\/?p=20211","title":{"rendered":"Requi\u00e3o prop\u00f5e debate com desembargador e ju\u00edza"},"content":{"rendered":"<p>O desembargador Edgar Lippman, do Tribunal Regional Federal da 4&ordm; Regi&atilde;o, e a procuradora Ant&ocirc;nia L&eacute;lia Sanchezeu, foram convidados pelo governador do Paran&aacute;, Roberto Requi&atilde;o (PMDB), para um debate. O juiz proibiu o governador da usar as transmiss&otilde;es da R&aacute;dio e da TV Educativa do estado para agredir advers&aacute;rios pol&iacute;ticos e desafetos e para fazer promo&ccedil;&atilde;o pessoal.<\/p>\n<p>Durante o programa &quot;Escola do Governo&quot;, o governador questionou o comportamento &eacute;tico do magistrado, denunciou a suposta censura contra ele. Ap&oacute;s exibir uma s&eacute;rie de depoimentos criticando a decis&atilde;o do TRF, Requi&atilde;o apareceu na RTVE, canal 9, com o &aacute;udio cortado e sob um carimbo de censurado. O site Consultor Jur&iacute;dico relatou que, pela Rede Mercosul, canal 21, o programa era exibido com &aacute;udio normal.<\/p>\n<p>Atendendo ao pedido do Minist&eacute;rio P&uacute;blico Federal, em 8 de janeiro, o desembargador proibiu o governador de utilizar as transmiss&otilde;es do programa para promo&ccedil;&atilde;o pessoal e agress&atilde;o a advers&aacute;rios. Al&eacute;m da proibi&ccedil;&atilde;o, foi estipulado na senten&ccedil;a multa de R$ 50 mil e foi estipulado pagamento de R$ 200 mil em caso de reincid&ecirc;ncia. Lippman condenou Requi&atilde;o por entender que as atitudes do governador n&atilde;o correspondem ao intuito educativo da TV. <\/p>\n<p>Na tentativa de questionar a decis&atilde;o, Requi&atilde;o dedicou uma receita de ovo frito ao desembargador e &agrave; procuradora, em refer&ecirc;ncia ao comportamento adotado durante o per&iacute;odo da ditadura militar em que, ao ser censurado, os jornais e revistas publicavam receitas de bolo, poemas ou gravuras de duplo sentido.<\/p>\n<p>Requi&atilde;o desafiou os dois a comparecerem ao programa &quot;Escola de Governo&quot;. &quot;Quero fazer um convite democr&aacute;tico. Venham bater um papo sobre liberdade de imprensa. Ter&iacute;amos uma reuni&atilde;o muito densa, mas extremamente respeitosa. Afinal, eles n&atilde;o est&atilde;o proibidos de emitir opini&atilde;o na Paran&aacute; Educativa&quot;, declarou o governador, durante a abertura da reuni&atilde;o, no audit&oacute;rio do Museu Oscar Niemeyer, em Curitiba.<\/p>\n<p>O governador acusou o MPF de agir por vingan&ccedil;a. Disse, ainda, que a a&ccedil;&atilde;o seria uma rea&ccedil;&atilde;o &agrave; den&uacute;ncia de que os sal&aacute;rios do Minist&eacute;rio P&uacute;blico do Paran&aacute; s&atilde;o at&eacute; 262% superiores ao dos servidores do Poder Executivo.<\/p>\n","protected":false},"excerpt":{"rendered":"<p>O desembargador Edgar Lippman, do Tribunal Regional Federal da 4&ordm; Regi&atilde;o, e a procuradora Ant&ocirc;nia L&eacute;lia Sanchezeu, foram convidados pelo governador do Paran&aacute;, Roberto Requi&atilde;o (PMDB), para um debate. O juiz proibiu o governador da usar as transmiss&otilde;es da R&aacute;dio e da TV Educativa do estado para agredir advers&aacute;rios pol&iacute;ticos e desafetos e para fazer &hellip; <a href=\"https:\/\/obscom.intervozes.org.br\/?p=20211\" class=\"more-link\">Continue lendo <span class=\"screen-reader-text\">Requi\u00e3o prop\u00f5e debate com desembargador e ju\u00edza<\/span> <span class=\"meta-nav\">&rarr;<\/span><\/a><\/p>\n","protected":false},"author":1,"featured_media":0,"comment_status":"open","ping_status":"open","sticky":false,"template":"","format":"standard","meta":{"footnotes":""},"categories":[40],"tags":[90],"_links":{"self":[{"href":"https:\/\/obscom.intervozes.org.br\/index.php?rest_route=\/wp\/v2\/posts\/20211"}],"collection":[{"href":"https:\/\/obscom.intervozes.org.br\/index.php?rest_route=\/wp\/v2\/posts"}],"about":[{"href":"https:\/\/obscom.intervozes.org.br\/index.php?rest_route=\/wp\/v2\/types\/post"}],"author":[{"embeddable":true,"href":"https:\/\/obscom.intervozes.org.br\/index.php?rest_route=\/wp\/v2\/users\/1"}],"replies":[{"embeddable":true,"href":"https:\/\/obscom.intervozes.org.br\/index.php?rest_route=%2Fwp%2Fv2%2Fcomments&post=20211"}],"version-history":[{"count":0,"href":"https:\/\/obscom.intervozes.org.br\/index.php?rest_route=\/wp\/v2\/posts\/20211\/revisions"}],"wp:attachment":[{"href":"https:\/\/obscom.intervozes.org.br\/index.php?rest_route=%2Fwp%2Fv2%2Fmedia&parent=20211"}],"wp:term":[{"taxonomy":"category","embeddable":true,"href":"https:\/\/obscom.intervozes.org.br\/index.php?rest_route=%2Fwp%2Fv2%2Fcategories&post=20211"},{"taxonomy":"post_tag","embeddable":true,"href":"https:\/\/obscom.intervozes.org.br\/index.php?rest_route=%2Fwp%2Fv2%2Ftags&post=20211"}],"curies":[{"name":"wp","href":"https:\/\/api.w.org\/{rel}","templated":true}]}}