{"id":20206,"date":"2008-01-15T16:03:46","date_gmt":"2008-01-15T16:03:46","guid":{"rendered":"https:\/\/obscom.intervozes.org.br\/wordpress\/?p=20206"},"modified":"2008-01-15T16:03:46","modified_gmt":"2008-01-15T16:03:46","slug":"brasil-lanca-candidatura-a-direcao-geral-da-ompi","status":"publish","type":"post","link":"https:\/\/obscom.intervozes.org.br\/?p=20206","title":{"rendered":"Brasil lan\u00e7a candidatura \u00e0 dire\u00e7\u00e3o geral da OMPI"},"content":{"rendered":"<div class=\"BLOG_POST_CONTENT\">\n<p>O Brasil lan&ccedil;ou a candidatura do Dr. Jos&eacute; Gra&ccedil;a Aranha ao cargo de Diretor-Geral da Organiza&ccedil;&atilde;o Mundial da Propriedade Intelectual (OMPI). A elei&ccedil;&atilde;o do novo DG da OMPI est&aacute; prevista para setembro pr&oacute;ximo, no contexto da reuni&atilde;o da Assembl&eacute;ia Geral da Organiza&ccedil;&atilde;o.<\/p>\n<p>O Dr. Jos&eacute; Gra&ccedil;a Aranha ocupou cargos naquela organiza&ccedil;&atilde;o de 1993 a 1996 nas &aacute;reas de coopera&ccedil;&atilde;o com a Am&eacute;rica Latina e Caribe e de Marcas e Desenhos Industriais. Desde 2004, o candidato brasileiro tem exercido o cargo de Diretor do Departamento de Registros Internacionais da OMPI. No per&iacute;odo de 1999 a 2004, o Dr. Gra&ccedil;a Aranha exerceu a presid&ecirc;ncia do Instituto Nacional de Propriedade Industrial (INPI). A trajet&oacute;ria profissional de Jos&eacute; Gra&ccedil;a Aranha tem sido marcada por dom&iacute;nio t&eacute;cnico do tema da propriedade intelectual e pela capacidade de construir consensos. Caso venha a ser eleito Diretor-Geral da OMPI, suas qualidades profissionais e pessoais ser&atilde;o importantes para fortalecer a confian&ccedil;a dos pa&iacute;ses-membros e da comunidade internacional na Organiza&ccedil;&atilde;o e para permitir que a OMPI continue avan&ccedil;ando.<\/p>\n<p>O Instituto Nacional da Propriedade Industrial &eacute; uma autarquia federal vinculada ao Minist&eacute;rio do Desenvolvimento, Ind&uacute;stria e Com&eacute;rcio Exterior, respons&aacute;vel por registros de marcas, concess&atilde;o de patentes, averba&ccedil;&atilde;o de contratos de transfer&ecirc;ncia de tecnologia e de franquia empresarial, e por registros de programas de computador, desenho industrial e indica&ccedil;&otilde;es geogr&aacute;ficas. O INPI tamb&eacute;m tem atua&ccedil;&atilde;o destacada na capacita&ccedil;&atilde;o de empresas brasileiras e no oferecimento de coopera&ccedil;&atilde;o t&eacute;cnica em mat&eacute;ria de propriedade intelectual a diversos pa&iacute;ses em desenvolvimento.<\/p>\n<p>A OMPI, com sede em Genebra, &eacute; Ag&ecirc;ncia Especializada das Na&ccedil;&otilde;es Unidas desde 1974 e constitui o principal foro internacional para as negocia&ccedil;&otilde;es multilaterais sobre o direito de propriedade industrial e intelectual. A Organiza&ccedil;&atilde;o administra mais de duas dezenas de tratados internacionais, alguns dos quais, como a Conven&ccedil;&atilde;o de Paris (1883), sobre patentes e inven&ccedil;&otilde;es, e a Conven&ccedil;&atilde;o de Berna (1886), sobre direitos de autor, negociados h&aacute; mais de cento e vinte anos e ainda plenamente relevantes. Esses acordos sofrem atualiza&ccedil;&otilde;es freq&uuml;entes, minuciosamente negociadas entre Governos, e estabelecem o padr&atilde;o m&iacute;nimo de prote&ccedil;&atilde;o a ser observado pelos Estados signat&aacute;rios por meio de suas legisla&ccedil;&otilde;es nacionais. O Brasil &eacute; membro fundador da Organiza&ccedil;&atilde;o e signat&aacute;rio original dos seus tratados principais. Desempenha papel de relevo por representar perspectiva pr&oacute;pria de pa&iacute;s em desenvolvimento nos temas que s&atilde;o objeto de debate e de negocia&ccedil;&otilde;es dentro da Organiza&ccedil;&atilde;o.<\/p>\n<p>Com a presente candidatura, o Brasil deseja promover o di&aacute;logo entre os membros da Organiza&ccedil;&atilde;o, com vistas a fazer avan&ccedil;ar a agenda de trabalhos da OMPI, refletindo ainda mais a preocupa&ccedil;&atilde;o com as necessidades sociais e econ&ocirc;micas dos pa&iacute;ses em desenvolvimento, no contexto da adequada promo&ccedil;&atilde;o e prote&ccedil;&atilde;o dos direitos de propriedade intelectual.<\/p>\n<p>&nbsp;<\/p>\n<\/div>\n","protected":false},"excerpt":{"rendered":"<p>O Brasil lan&ccedil;ou a candidatura do Dr. Jos&eacute; Gra&ccedil;a Aranha ao cargo de Diretor-Geral da Organiza&ccedil;&atilde;o Mundial da Propriedade Intelectual (OMPI). A elei&ccedil;&atilde;o do novo DG da OMPI est&aacute; prevista para setembro pr&oacute;ximo, no contexto da reuni&atilde;o da Assembl&eacute;ia Geral da Organiza&ccedil;&atilde;o. O Dr. Jos&eacute; Gra&ccedil;a Aranha ocupou cargos naquela organiza&ccedil;&atilde;o de 1993 a 1996 &hellip; <a href=\"https:\/\/obscom.intervozes.org.br\/?p=20206\" class=\"more-link\">Continue lendo <span class=\"screen-reader-text\">Brasil lan\u00e7a candidatura \u00e0 dire\u00e7\u00e3o geral da OMPI<\/span> <span class=\"meta-nav\">&rarr;<\/span><\/a><\/p>\n","protected":false},"author":1,"featured_media":0,"comment_status":"open","ping_status":"open","sticky":false,"template":"","format":"standard","meta":{"footnotes":""},"categories":[40],"tags":[179],"_links":{"self":[{"href":"https:\/\/obscom.intervozes.org.br\/index.php?rest_route=\/wp\/v2\/posts\/20206"}],"collection":[{"href":"https:\/\/obscom.intervozes.org.br\/index.php?rest_route=\/wp\/v2\/posts"}],"about":[{"href":"https:\/\/obscom.intervozes.org.br\/index.php?rest_route=\/wp\/v2\/types\/post"}],"author":[{"embeddable":true,"href":"https:\/\/obscom.intervozes.org.br\/index.php?rest_route=\/wp\/v2\/users\/1"}],"replies":[{"embeddable":true,"href":"https:\/\/obscom.intervozes.org.br\/index.php?rest_route=%2Fwp%2Fv2%2Fcomments&post=20206"}],"version-history":[{"count":0,"href":"https:\/\/obscom.intervozes.org.br\/index.php?rest_route=\/wp\/v2\/posts\/20206\/revisions"}],"wp:attachment":[{"href":"https:\/\/obscom.intervozes.org.br\/index.php?rest_route=%2Fwp%2Fv2%2Fmedia&parent=20206"}],"wp:term":[{"taxonomy":"category","embeddable":true,"href":"https:\/\/obscom.intervozes.org.br\/index.php?rest_route=%2Fwp%2Fv2%2Fcategories&post=20206"},{"taxonomy":"post_tag","embeddable":true,"href":"https:\/\/obscom.intervozes.org.br\/index.php?rest_route=%2Fwp%2Fv2%2Ftags&post=20206"}],"curies":[{"name":"wp","href":"https:\/\/api.w.org\/{rel}","templated":true}]}}