{"id":20197,"date":"2008-01-15T13:41:14","date_gmt":"2008-01-15T13:41:14","guid":{"rendered":"https:\/\/obscom.intervozes.org.br\/wordpress\/?p=20197"},"modified":"2014-09-07T02:54:44","modified_gmt":"2014-09-07T02:54:44","slug":"anatel-defende-mais-empresas-que-consumidor-e-esta-em-crise-diz-ouvidor","status":"publish","type":"post","link":"https:\/\/obscom.intervozes.org.br\/?p=20197","title":{"rendered":"Anatel defende mais empresas que consumidor e est\u00e1 em crise, diz ouvidor"},"content":{"rendered":"<p>A Anatel &ndash; Ag&ecirc;ncia Nacional de Telecomunica&ccedil;&otilde;es ainda n&atilde;o encontrou um equil&iacute;brio entre a defesa dos interesses dos consumidores e das empresas concession&aacute;rias dos servi&ccedil;os de telecomunica&ccedil;&otilde;es. Ap&oacute;s dez anos da privatiza&ccedil;&atilde;o do setor, esta &eacute; a avalia&ccedil;&atilde;o de Arist&oacute;teles dos Santos, ouvidor da ag&ecirc;ncia, que divulgou nesta segunda-feira, 14, relat&oacute;rio com duras cr&iacute;ticas a atua&ccedil;&atilde;o da autarquia federal. A ouvidoria afirma que o &oacute;rg&atilde;o prioriza defender as empresas em detrimento da sociedade e n&atilde;o cumpre suas obriga&ccedil;&otilde;es no &acirc;mbito da regulamenta&ccedil;&atilde;o das pol&iacute;ticas setoriais. <\/p>\n<p>O relat&oacute;rio foi entregue ao presidente Lula na &uacute;ltima sexta-feira, 12.&nbsp; No texto, o ouvidor afirma que a ag&ecirc;ncia est&aacute; em crise e que &eacute; &quot;completa a dist&acirc;ncia da Anatel dos interesses dos cidad&atilde;os&quot;. Segundo Santos, a ag&ecirc;ncia n&atilde;o tem correspondido ao seu papel legal e precisa ser revista com urg&ecirc;ncia. &quot;A Anatel, por n&atilde;o cumprir ou n&atilde;o fazer cumprir integralmente os prop&oacute;sitos que justificam a sua cria&ccedil;&atilde;o, vive, a nosso ver, uma relevante crise existencial&quot;.<\/p>\n<p>O texto do ouvidor n&atilde;o chega a dizer diretamente que a ag&ecirc;ncia foi capturada pelas empresas, mas suas declara&ccedil;&otilde;es n&atilde;o deixam d&uacute;vidas de que, na sua opini&atilde;o, a Anatel estaria defendendo apenas o interesse dos investidores. &quot;Desestatizado o setor e institu&iacute;da a Anatel, o seu corpo t&eacute;cnico absorveu o discurso oficial e incorporou dentre as suas atividades a prioridade de assegurar &agrave;s prestadoras o prometido retorno do capital. Dessa forma, a ag&ecirc;ncia, tendo absorvido tal obriga&ccedil;&atilde;o como priorit&aacute;ria, acabou por colocar em risco a sua independ&ecirc;ncia, risco este posteriormente agravado diante do extraordin&aacute;rio poder de influ&ecirc;ncia dos novos concession&aacute;rios&quot;.<\/p>\n<p>De acordo com Arist&oacute;teles Santos, a ag&ecirc;ncia reguladora &quot;n&atilde;o conseguiu ter a desenvoltura suficiente para manter uma rela&ccedil;&atilde;o ison&ocirc;mica com os regulados&rdquo; e os efeitos da op&ccedil;&atilde;o feita pela Anatel estariam sendo sofridos atualmente pela sociedade: falta de competi&ccedil;&atilde;o; alto custo da assinatura b&aacute;sica do STFC (telefonia fixa); nenhuma iniciativa concreta em viabilizar o Aice &#8211; Acesso Individual Classe Especial e a telefonia rural; e o descaso no atendimento aos cidad&atilde;os. <\/p>\n<p>Nem o conselho diretor da ag&ecirc;ncia foi poupado e foi considerado por Santos insens&iacute;vel &agrave;s pol&iacute;ticas sociais. &quot;S&oacute; podemos inferir que o Conselho Diretor da ag&ecirc;ncia, com a composi&ccedil;&atilde;o de ent&atilde;o, tendo uma conhecida predomin&acirc;ncia conservadora, por mais que se esfor&ccedil;asse, n&atilde;o conseguiria se revestir de sensibilidade social&rdquo; afirma o relat&oacute;rio. Ele salientou que a ag&ecirc;ncia foi fragilizada conceitualmente e que s&oacute; agora o conselho est&aacute; formado de integralmente por conselheiros indicados pelo presidente Lula.<\/p>\n<p>Segundo o relat&oacute;rio, um exemplo da falta de foco na defesa dos interesses dos consumidores foi o trabalho na regulamenta&ccedil;&atilde;o do Aice. Fracassado em sua implanta&ccedil;&atilde;o, o pacote de telefonia para a baixa renda seria a demonstra&ccedil;&atilde;o da &quot;incapacidade da Anatel em estabelecer os regulamentos que assegurassem a implementa&ccedil;&atilde;o das pol&iacute;ticas p&uacute;blicas determinadas pelo atual governo&quot;.<\/p>\n<p><strong>Atendimento prec&aacute;rio<\/p>\n<p><\/strong>O atendimento ao cidad&atilde;o &eacute;, segundo o relat&oacute;rio, a maior fragilidade da Anatel. &ldquo;Tal fragilidade come&ccedil;a pela pr&oacute;pria estrutura organizacional, onde as ger&ecirc;ncias, &lsquo;protegidas&rsquo; por esta estrutura organizacional, somente se responsabilizam pelas suas atividades institucionais, n&atilde;o respondendo por nada que diga respeito ao usu&aacute;rio&rdquo;. Com isso, o imenso n&uacute;mero de reclama&ccedil;&otilde;es que chegam atrav&eacute;s da Central de Atendimento, as quais deveriam servir para orientar o planejamento estrat&eacute;gico &ldquo;se perdem em um amontoado de arquivos eletr&ocirc;nicos&rdquo;.<\/p>\n<p>As &ldquo;Salas do Cidad&atilde;o&rdquo;, desconhecidas pela maioria dos consumidores, tamb&eacute;m receberam duras cr&iacute;ticas. &ldquo;Mal localizadas, sem infra-estrutura, sem gerenciamento, sem vincula&ccedil;&otilde;es administrativas, somente refor&ccedil;am o conceito de desprest&iacute;gio do usu&aacute;rio frente &agrave; Ag&ecirc;ncia&rdquo;, relata o texto da ouvidoria.<\/p>\n<p>Al&eacute;m disso, o relat&oacute;rio aponta que h&aacute; excesso de tempo nas respostas aos cidad&atilde;os, sendo que novos questionamentos n&atilde;o s&atilde;o sequer apreciados pelas empresas; que existe &ldquo;retrabalho&rdquo; gerado pela baixa qualidade das informa&ccedil;&otilde;es prestadas e; que mesmo quando os questionamentos s&atilde;o feitos &agrave; pr&oacute;pria Anatel, a ag&ecirc;ncia normalmente n&atilde;o responde ao cidad&atilde;o.<\/p>\n<p><strong>Tarifas elevadas<\/p>\n<p><\/strong>O ouvidor tamb&eacute;m responsabiliza a Anatel pela alta dos pre&ccedil;os da telefonia, sugerindo que o faturamento das companhias tem sido protegido pelo discurso de que o setor ainda &eacute; deficit&aacute;rio. &quot;Parece que n&atilde;o h&aacute; consist&ecirc;ncia nessa an&aacute;lise da &aacute;rea t&eacute;cnica&quot;, afirmou Santos, que deve apresentar um novo relat&oacute;rio apenas sobre este tema.<\/p>\n<p>Ele fez cr&iacute;ticas aos valores cobrados pela assinatura b&aacute;sica da telefonia fixa, cujo valor gira em torno de R$ 40,00 e s&atilde;o pagos mensalmente. Ele lembrou que, em 1998, ano em que o setor de telefonia fixa foi privatizado, a assinatura custava R$ 13,00. Isso significa um aumento de mais de 200% desde ent&atilde;o para uma infla&ccedil;&atilde;o de 83%. Segundo ele, 50% do faturamento das fixas s&atilde;o garantidos pela cobran&ccedil;a da assinatura e j&aacute; estaria no momento do setor compartilhar esses ganhos com a sociedade. &ldquo;A assinatura mensal retira da sociedade brasileira algo em torno de R$ 1,6 bilh&atilde;o todo o m&ecirc;s&rdquo;, afirma o ouvidor.<\/p>\n<p>O ouvidor tamb&eacute;m criticou a Anatel pelo fato da ag&ecirc;ncia estar deixando o monop&oacute;lio da telefonia fixa se ampliar para a banda larga. &ldquo;N&atilde;o se pode negar que, a cada dia que se passa sem competi&ccedil;&atilde;o nestes servi&ccedil;os, as concession&aacute;rias usufruem financeiramente dos seus monop&oacute;lios, em detrimento da sociedade&rdquo;, afirma Santos. E defende que seja implementada, efetivamente, a desagrega&ccedil;&atilde;o das redes, para quebrar os monop&oacute;lios privados regionais.<\/p>\n<p>Arist&oacute;teles Santos reserva uma pequena parte elogiosa &agrave;s iniciativas da Anatel, quando o tema &eacute; a incorpora&ccedil;&atilde;o dos preceitos do C&oacute;digo de Defesa do Consumidor nos novos regulamentos do STFC e do SMP (telefonia m&oacute;vel), afirmando que hoje, diferentemente de per&iacute;odos anteriores, a ag&ecirc;ncia &ldquo;mostrou-se capaz de assimilar os avan&ccedil;os propostos pelo Governo atual&rdquo;, demonstrando disposi&ccedil;&atilde;o e vontade de cumprir seu papel.<\/p>\n<p><strong>Sugest&otilde;es e desafios<\/p>\n<p><\/strong>Em suas considera&ccedil;&otilde;es finais, o relat&oacute;rio da ouvidoria sugere que a Anatel aproveite a sua reestrutura&ccedil;&atilde;o para repensar seu papel mais amplamente e que tal mudan&ccedil;a n&atilde;o vise apenas a agilidade dos processos administrativos. &quot;Acho que a Anatel vive uma crise de crescimento, relacionada &agrave; adolesc&ecirc;ncia&quot;, afirmou Santos na apresenta&ccedil;&atilde;o do relat&oacute;rio.<\/p>\n<p>Uma das propostas apresentadas &eacute; que a ag&ecirc;ncia se envolva mais no Programa Nacional de Banda Larga, encabe&ccedil;ado pela Casa Civil, inclusive com propostas de uso do Fust &ndash; Fundo para a Universaliza&ccedil;&atilde;o dos Servi&ccedil;os de Telecomunica&ccedil;&otilde;es para estimular a cria&ccedil;&atilde;o de uma infra-estrutura p&uacute;blica para o tr&aacute;fego de dados.<\/p>\n<p><a href=\"http:\/\/localhost\/intervozes_direitoacomunicacao\/wordpress\/?p=18234\">Para ter acesso ao relat&oacute;rio, clique aqui.<\/a><\/p>\n<p>* Com informa&ccedil;&otilde;es da Tela Viva News, do Portal Imprensa e da TeleS&iacute;ntese.<\/p>\n","protected":false},"excerpt":{"rendered":"<p>Relat\u00f3rio da ouvidoria tece duras cr\u00edticas ao \u00f3rg\u00e3o, diz que ag\u00eancia prioriza defender as empresas em detrimento da sociedade e que n\u00e3o cumpre suas obriga\u00e7\u00f5es na regulamenta\u00e7\u00e3o das pol\u00edticas setoriais.<\/p>\n","protected":false},"author":1,"featured_media":0,"comment_status":"open","ping_status":"open","sticky":false,"template":"","format":"standard","meta":{"footnotes":""},"categories":[40],"tags":[81],"_links":{"self":[{"href":"https:\/\/obscom.intervozes.org.br\/index.php?rest_route=\/wp\/v2\/posts\/20197"}],"collection":[{"href":"https:\/\/obscom.intervozes.org.br\/index.php?rest_route=\/wp\/v2\/posts"}],"about":[{"href":"https:\/\/obscom.intervozes.org.br\/index.php?rest_route=\/wp\/v2\/types\/post"}],"author":[{"embeddable":true,"href":"https:\/\/obscom.intervozes.org.br\/index.php?rest_route=\/wp\/v2\/users\/1"}],"replies":[{"embeddable":true,"href":"https:\/\/obscom.intervozes.org.br\/index.php?rest_route=%2Fwp%2Fv2%2Fcomments&post=20197"}],"version-history":[{"count":1,"href":"https:\/\/obscom.intervozes.org.br\/index.php?rest_route=\/wp\/v2\/posts\/20197\/revisions"}],"predecessor-version":[{"id":27800,"href":"https:\/\/obscom.intervozes.org.br\/index.php?rest_route=\/wp\/v2\/posts\/20197\/revisions\/27800"}],"wp:attachment":[{"href":"https:\/\/obscom.intervozes.org.br\/index.php?rest_route=%2Fwp%2Fv2%2Fmedia&parent=20197"}],"wp:term":[{"taxonomy":"category","embeddable":true,"href":"https:\/\/obscom.intervozes.org.br\/index.php?rest_route=%2Fwp%2Fv2%2Fcategories&post=20197"},{"taxonomy":"post_tag","embeddable":true,"href":"https:\/\/obscom.intervozes.org.br\/index.php?rest_route=%2Fwp%2Fv2%2Ftags&post=20197"}],"curies":[{"name":"wp","href":"https:\/\/api.w.org\/{rel}","templated":true}]}}