{"id":20195,"date":"2008-01-15T12:05:40","date_gmt":"2008-01-15T12:05:40","guid":{"rendered":"https:\/\/obscom.intervozes.org.br\/wordpress\/?p=20195"},"modified":"2008-01-15T12:05:40","modified_gmt":"2008-01-15T12:05:40","slug":"anuncio-do-fim-da-publicidade-nas-tvs-publicas-causa-apreensao","status":"publish","type":"post","link":"https:\/\/obscom.intervozes.org.br\/?p=20195","title":{"rendered":"An\u00fancio do fim da publicidade nas TVs p\u00fablicas causa apreens\u00e3o"},"content":{"rendered":"<p><span>&quot;A telenovela da televis&atilde;o p&uacute;blica est&aacute; apenas come&ccedil;ando.&quot; Foi com esta frase que o jornal Lib&eacute;ration terminou, na sexta-feira (11\/1), o editorial assinado por Didier Pourquery sobre o principal assunto do dia: a supress&atilde;o da publicidade nas televis&otilde;es p&uacute;blicas francesas, reunidas na holding France T&eacute;l&eacute;visions.<\/p>\n<p><\/span><span>A not&iacute;cia deixou os jornalistas dos v&aacute;rios canais p&uacute;blicos perplexos, apesar das explica&ccedil;&otilde;es dadas pelo presidente para a medida, que deve entrar em vigor em 2009. A supress&atilde;o da publicidade &eacute; justificada por um pacote de boas inten&ccedil;&otilde;es: libertar os canais p&uacute;blicos da ditadura do ibope e, conseq&uuml;entemente, melhorar o n&iacute;vel dos programas. O problema &eacute; que os 800 milh&otilde;es de euros que entram por ano de publicidade ser&atilde;o substitu&iacute;dos por uma nova fonte ainda por vir : um imposto sobre as TVs e sobre as teles privadas.<\/p>\n<p><\/span><span>H&aacute; quem veja nessa medida, que reflete t&atilde;o-somente a vontade do presidente Nicolas Sarkozy &ndash; o ministro da Cultura e o presidente de France T&eacute;l&eacute;visions disfar&ccedil;aram o fato de n&atilde;o terem monitorado o projeto &ndash;, um presente real feito a seu grande amigo Martin Bouygues, propriet&aacute;rio da maior rede privada do pa&iacute;s, a TF1, privatizada em 1987, e que j&aacute; &eacute;, por acaso, o canal de maior receita publicit&aacute;ria e que dever&aacute; ser o maior benefici&aacute;rio de um fluxo de publicidade que tender&aacute; a migrar para seus programas campe&otilde;es de audi&ecirc;ncia.<\/p>\n<p><\/span><span><strong>Condi&ccedil;&atilde;o necess&aacute;ria<\/p>\n<p><\/strong><\/span><span>Jornalistas que trabalham nos canais p&uacute;blicos fizeram assembl&eacute;ias gerais para discutir o tema que preocupa a todos. Seria um primeiro passo para mais privatiza&ccedil;&otilde;es? A preocupa&ccedil;&atilde;o n&atilde;o &eacute; del&iacute;rio paran&oacute;ico de alguns &quot;retr&oacute;grados esquerdistas&quot; defensores do servi&ccedil;o p&uacute;blico, como poderia parecer. Principalmente quando se sabe que o presidente do partido do presidente, Patrick Devedjian, se perguntava se n&atilde;o haveria &quot;canais demais&quot; p&uacute;blicos e defendia abertamente &quot;algumas privatiza&ccedil;&otilde;es&quot;.<\/p>\n<p><\/span><span>O mais surpreendente de todo esse novo espet&aacute;culo do sarkoshow (a medida foi anunciada com uma mise-en-sc&egrave;ne digna de um grande espet&aacute;culo) &eacute; que o ex-primeiro-ministro socialista Michel Rocard veio em defesa do projeto de Sarkozy. Rocard disse que a decis&atilde;o &eacute; uma batalha de longa data travada por ele durante o governo Mitterrand, que preferiu n&atilde;o aplicar a medida que suprimiria a publicidade das emissoras p&uacute;blicas de TV na Fran&ccedil;a. Hoje, h&aacute; mais de seis canais p&uacute;blicos, sem contar Arte, a supercult TV p&uacute;blica franco-alem&atilde;, um verdadeiro o&aacute;sis de bom-gosto e programas de alt&iacute;ssimo n&iacute;vel num panorama audiovisual que prima pela corrida para conquistar audi&ecirc;ncia a qualquer custo.<\/p>\n<p><\/span><span>&quot;Depois de termos consultado os sindicatos e as associa&ccedil;&otilde;es de pais de alunos, recomendaremos tamb&eacute;m a supress&atilde;o da publicidade no servi&ccedil;o p&uacute;blico, pois essa &eacute; uma condi&ccedil;&atilde;o necess&aacute;ria para a revaloriza&ccedil;&atilde;o das miss&otilde;es de educa&ccedil;&atilde;o e de informa&ccedil;&atilde;o que s&atilde;o pr&oacute;prias desse servi&ccedil;o&quot;, declarou Rocard ao jornal Le Monde. O ex-primeiro-ministro &eacute; membro da comiss&atilde;o designada pelo governo para estudar a evolu&ccedil;&atilde;o do trabalho dos professores e da educa&ccedil;&atilde;o p&uacute;blica como um todo na Fran&ccedil;a.<\/span><\/p>\n","protected":false},"excerpt":{"rendered":"<p>&quot;A telenovela da televis&atilde;o p&uacute;blica est&aacute; apenas come&ccedil;ando.&quot; Foi com esta frase que o jornal Lib&eacute;ration terminou, na sexta-feira (11\/1), o editorial assinado por Didier Pourquery sobre o principal assunto do dia: a supress&atilde;o da publicidade nas televis&otilde;es p&uacute;blicas francesas, reunidas na holding France T&eacute;l&eacute;visions. A not&iacute;cia deixou os jornalistas dos v&aacute;rios canais p&uacute;blicos perplexos, &hellip; <a href=\"https:\/\/obscom.intervozes.org.br\/?p=20195\" class=\"more-link\">Continue lendo <span class=\"screen-reader-text\">An\u00fancio do fim da publicidade nas TVs p\u00fablicas causa apreens\u00e3o<\/span> <span class=\"meta-nav\">&rarr;<\/span><\/a><\/p>\n","protected":false},"author":1,"featured_media":0,"comment_status":"open","ping_status":"open","sticky":false,"template":"","format":"standard","meta":{"footnotes":""},"categories":[40],"tags":[611],"_links":{"self":[{"href":"https:\/\/obscom.intervozes.org.br\/index.php?rest_route=\/wp\/v2\/posts\/20195"}],"collection":[{"href":"https:\/\/obscom.intervozes.org.br\/index.php?rest_route=\/wp\/v2\/posts"}],"about":[{"href":"https:\/\/obscom.intervozes.org.br\/index.php?rest_route=\/wp\/v2\/types\/post"}],"author":[{"embeddable":true,"href":"https:\/\/obscom.intervozes.org.br\/index.php?rest_route=\/wp\/v2\/users\/1"}],"replies":[{"embeddable":true,"href":"https:\/\/obscom.intervozes.org.br\/index.php?rest_route=%2Fwp%2Fv2%2Fcomments&post=20195"}],"version-history":[{"count":0,"href":"https:\/\/obscom.intervozes.org.br\/index.php?rest_route=\/wp\/v2\/posts\/20195\/revisions"}],"wp:attachment":[{"href":"https:\/\/obscom.intervozes.org.br\/index.php?rest_route=%2Fwp%2Fv2%2Fmedia&parent=20195"}],"wp:term":[{"taxonomy":"category","embeddable":true,"href":"https:\/\/obscom.intervozes.org.br\/index.php?rest_route=%2Fwp%2Fv2%2Fcategories&post=20195"},{"taxonomy":"post_tag","embeddable":true,"href":"https:\/\/obscom.intervozes.org.br\/index.php?rest_route=%2Fwp%2Fv2%2Ftags&post=20195"}],"curies":[{"name":"wp","href":"https:\/\/api.w.org\/{rel}","templated":true}]}}