{"id":20193,"date":"2008-01-15T00:00:00","date_gmt":"2008-01-15T00:00:00","guid":{"rendered":"https:\/\/obscom.intervozes.org.br\/wordpress\/?p=20193"},"modified":"2008-01-15T00:00:00","modified_gmt":"2008-01-15T00:00:00","slug":"jornalista-e-assassinado-em-alagoas-e-oea-pede-investigacao-rigorosa","status":"publish","type":"post","link":"https:\/\/obscom.intervozes.org.br\/?p=20193","title":{"rendered":"Jornalista \u00e9 assassinado em Alagoas e OEA pede investiga\u00e7\u00e3o rigorosa"},"content":{"rendered":"<p>A onda de viol&ecirc;ncia que assola o estado de Alagoas fez mais uma v&iacute;tima no &uacute;ltimo dia 5. Walter Lessa de Oliveira, rep&oacute;rter cinematogr&aacute;fico da TV da Assembl&eacute;ia Legislativa de Alagoas, foi morto com quatro tiros na cabe&ccedil;a enquanto esperava um &ocirc;nibus. A Pol&iacute;cia Civil suspeita que o crime tenha sido cometido por um traficante filmado por ele.<\/p>\n<p>Apesar do governador do estado, Teotonio Vilela Filho (PSDB), dizer, em nota, defender a &quot;apura&ccedil;&atilde;o rigorosa e cabal&rdquo;, o Sindicato dos Jornalistas Profissionais do Estado de Alagoas afirma que &ldquo;Alagoas vive em clima de total inseguran&ccedil;a e o governo estadual n&atilde;o consegue controlar a situa&ccedil;&atilde;o&rdquo;. Um dos motivos seria a greve da Pol&iacute;cia Civil do estado, que reivindica reajuste salarial h&aacute; cinco meses.<\/p>\n<p>A OEA (Organiza&ccedil;&atilde;o dos Estados Americanos) pediu ontem &quot;investiga&ccedil;&atilde;o exaustiva&quot; sobre o assassinato.<\/p>\n","protected":false},"excerpt":{"rendered":"<p>A onda de viol&ecirc;ncia que assola o estado de Alagoas fez mais uma v&iacute;tima no &uacute;ltimo dia 5. Walter Lessa de Oliveira, rep&oacute;rter cinematogr&aacute;fico da TV da Assembl&eacute;ia Legislativa de Alagoas, foi morto com quatro tiros na cabe&ccedil;a enquanto esperava um &ocirc;nibus. A Pol&iacute;cia Civil suspeita que o crime tenha sido cometido por um traficante &hellip; <a href=\"https:\/\/obscom.intervozes.org.br\/?p=20193\" class=\"more-link\">Continue lendo <span class=\"screen-reader-text\">Jornalista \u00e9 assassinado em Alagoas e OEA pede investiga\u00e7\u00e3o rigorosa<\/span> <span class=\"meta-nav\">&rarr;<\/span><\/a><\/p>\n","protected":false},"author":1,"featured_media":0,"comment_status":"open","ping_status":"open","sticky":false,"template":"","format":"standard","meta":{"footnotes":""},"categories":[39],"tags":[],"_links":{"self":[{"href":"https:\/\/obscom.intervozes.org.br\/index.php?rest_route=\/wp\/v2\/posts\/20193"}],"collection":[{"href":"https:\/\/obscom.intervozes.org.br\/index.php?rest_route=\/wp\/v2\/posts"}],"about":[{"href":"https:\/\/obscom.intervozes.org.br\/index.php?rest_route=\/wp\/v2\/types\/post"}],"author":[{"embeddable":true,"href":"https:\/\/obscom.intervozes.org.br\/index.php?rest_route=\/wp\/v2\/users\/1"}],"replies":[{"embeddable":true,"href":"https:\/\/obscom.intervozes.org.br\/index.php?rest_route=%2Fwp%2Fv2%2Fcomments&post=20193"}],"version-history":[{"count":0,"href":"https:\/\/obscom.intervozes.org.br\/index.php?rest_route=\/wp\/v2\/posts\/20193\/revisions"}],"wp:attachment":[{"href":"https:\/\/obscom.intervozes.org.br\/index.php?rest_route=%2Fwp%2Fv2%2Fmedia&parent=20193"}],"wp:term":[{"taxonomy":"category","embeddable":true,"href":"https:\/\/obscom.intervozes.org.br\/index.php?rest_route=%2Fwp%2Fv2%2Fcategories&post=20193"},{"taxonomy":"post_tag","embeddable":true,"href":"https:\/\/obscom.intervozes.org.br\/index.php?rest_route=%2Fwp%2Fv2%2Ftags&post=20193"}],"curies":[{"name":"wp","href":"https:\/\/api.w.org\/{rel}","templated":true}]}}