{"id":20192,"date":"2008-01-14T18:34:22","date_gmt":"2008-01-14T18:34:22","guid":{"rendered":"https:\/\/obscom.intervozes.org.br\/wordpress\/?p=20192"},"modified":"2008-01-14T18:34:22","modified_gmt":"2008-01-14T18:34:22","slug":"abi-e-abccom-divulgam-notas-com-criticas-a-decisao-judicial-que-vetou-requiao-na-tve-do-parana","status":"publish","type":"post","link":"https:\/\/obscom.intervozes.org.br\/?p=20192","title":{"rendered":"ABI e ABCCOM divulgam notas com cr\u00edticas \u00e0 decis\u00e3o judicial que vetou Requi\u00e3o na TVE do Paran\u00e1"},"content":{"rendered":"<p><span>A ABI &ndash; Associa&ccedil;&atilde;o Brasileira de Imprensa e a ABCCOM &ndash; Associa&ccedil;&atilde;o Brasileira de Canais Comunit&aacute;rios manifestaram rep&uacute;dio &agrave; decis&atilde;o do desembargador federal Edgard Lippmann J&uacute;nior que veda a participa&ccedil;&atilde;o do governador Roberto Requi&atilde;o na programa&ccedil;&atilde;o da TV Paran&aacute; Educativa. Segundo as organiza&ccedil;&otilde;es, a decis&atilde;o fere gravemente a Constitui&ccedil;&atilde;o brasileira e retoma mecanismos de censura pr&eacute;via a meios de comunica&ccedil;&atilde;o. O governador mant&eacute;m na emissora p&uacute;blica o programa &ldquo;Escola de Governo&rdquo;, onde j&aacute; defendeu a&ccedil;&otilde;es do MST e fez ataques &agrave; Rede Globo.<\/p>\n<p><\/span><span>Em&nbsp;nota, a ABI afirma que &ldquo;ainda que se reconhe&ccedil;a, como acentua esse magistrado, que um governante n&atilde;o pode utilizar uma emissora p&uacute;blica em seu benef&iacute;cio pol&iacute;tico, a decis&atilde;o do Desembargador Lippmann J&uacute;nior tem a mesma conota&ccedil;&atilde;o de censura pr&eacute;via&rdquo; e considera a atitude &ldquo;sem precedente nem mesmo nos &aacute;speros tempos da ditadura militar&rdquo;.<\/p>\n<p><\/span><span>J&aacute; a ABCCOM afirma que &ldquo;&eacute; sagrado o acesso do povo brasileiro &agrave;s informa&ccedil;&otilde;es p&uacute;blicas, de governo, t&atilde;o bem expressas por meio do programa Escola de Governo, comandando pelo governador do Estado do Paran&aacute;, Roberto Requi&atilde;o&rdquo;.<\/p>\n<p><\/span><span>Na mesma nota em que critica a decis&atilde;o do Desembargador Lippmann J&uacute;nior, a ABI critica a decis&atilde;o do juiz Joaquim Domingos de Almeida Neto que proibiu seis emissoras de televis&atilde;o e quatro jornais do Rio de Janeiro de veicularem qualquer refer&ecirc;ncia aos tr&ecirc;s estudantes que agrediram um grupo de prostitutas num ponto de &ocirc;nibus na Barra da Tijuca, em 2007.<\/span><\/p>\n","protected":false},"excerpt":{"rendered":"<p>A ABI &ndash; Associa&ccedil;&atilde;o Brasileira de Imprensa e a ABCCOM &ndash; Associa&ccedil;&atilde;o Brasileira de Canais Comunit&aacute;rios manifestaram rep&uacute;dio &agrave; decis&atilde;o do desembargador federal Edgard Lippmann J&uacute;nior que veda a participa&ccedil;&atilde;o do governador Roberto Requi&atilde;o na programa&ccedil;&atilde;o da TV Paran&aacute; Educativa. Segundo as organiza&ccedil;&otilde;es, a decis&atilde;o fere gravemente a Constitui&ccedil;&atilde;o brasileira e retoma mecanismos de censura &hellip; <a href=\"https:\/\/obscom.intervozes.org.br\/?p=20192\" class=\"more-link\">Continue lendo <span class=\"screen-reader-text\">ABI e ABCCOM divulgam notas com cr\u00edticas \u00e0 decis\u00e3o judicial que vetou Requi\u00e3o na TVE do Paran\u00e1<\/span> <span class=\"meta-nav\">&rarr;<\/span><\/a><\/p>\n","protected":false},"author":1,"featured_media":0,"comment_status":"open","ping_status":"open","sticky":false,"template":"","format":"standard","meta":{"footnotes":""},"categories":[39],"tags":[],"_links":{"self":[{"href":"https:\/\/obscom.intervozes.org.br\/index.php?rest_route=\/wp\/v2\/posts\/20192"}],"collection":[{"href":"https:\/\/obscom.intervozes.org.br\/index.php?rest_route=\/wp\/v2\/posts"}],"about":[{"href":"https:\/\/obscom.intervozes.org.br\/index.php?rest_route=\/wp\/v2\/types\/post"}],"author":[{"embeddable":true,"href":"https:\/\/obscom.intervozes.org.br\/index.php?rest_route=\/wp\/v2\/users\/1"}],"replies":[{"embeddable":true,"href":"https:\/\/obscom.intervozes.org.br\/index.php?rest_route=%2Fwp%2Fv2%2Fcomments&post=20192"}],"version-history":[{"count":0,"href":"https:\/\/obscom.intervozes.org.br\/index.php?rest_route=\/wp\/v2\/posts\/20192\/revisions"}],"wp:attachment":[{"href":"https:\/\/obscom.intervozes.org.br\/index.php?rest_route=%2Fwp%2Fv2%2Fmedia&parent=20192"}],"wp:term":[{"taxonomy":"category","embeddable":true,"href":"https:\/\/obscom.intervozes.org.br\/index.php?rest_route=%2Fwp%2Fv2%2Fcategories&post=20192"},{"taxonomy":"post_tag","embeddable":true,"href":"https:\/\/obscom.intervozes.org.br\/index.php?rest_route=%2Fwp%2Fv2%2Ftags&post=20192"}],"curies":[{"name":"wp","href":"https:\/\/api.w.org\/{rel}","templated":true}]}}