{"id":20190,"date":"2008-01-14T15:07:05","date_gmt":"2008-01-14T15:07:05","guid":{"rendered":"https:\/\/obscom.intervozes.org.br\/wordpress\/?p=20190"},"modified":"2008-01-14T15:07:05","modified_gmt":"2008-01-14T15:07:05","slug":"fusao-de-operadoras-exigira-mudancas-no-plano-geral-de-outorga-diz-especialista","status":"publish","type":"post","link":"https:\/\/obscom.intervozes.org.br\/?p=20190","title":{"rendered":"Fus\u00e3o de operadoras exigir\u00e1 mudan\u00e7as no Plano Geral de Outorga, diz especialista"},"content":{"rendered":"<p>Bras&iacute;lia &#8211; A poss&iacute;vel fus&atilde;o da Telemar Participa&ccedil;&otilde;es, que controla a operadora Oi, com a Brasil Telecom Participa&ccedil;&otilde;es S.A, anunciada em carta aos acionistas nesta semana, exigir&aacute; mudan&ccedil;as no Plano Geral de Outorga. Criado com a privatiza&ccedil;&atilde;o das empresas de telecomunica&ccedil;&otilde;es, o plano visa a impedir a concentra&ccedil;&atilde;o de mercado nas m&atilde;os de poucas operadoras, o que caracterizaria monop&oacute;lio. Essa mudan&ccedil;a poder&aacute; ocorrer atrav&eacute;s de um decreto presidencial.<\/p>\n<p>Monop&oacute;lio &eacute; uma situa&ccedil;&atilde;o em que n&atilde;o h&aacute; concorr&ecirc;ncia entre as empresas. Por causa disso, as operadoras podem praticar os pre&ccedil;os que quiserem pelos bens ou servi&ccedil;os oferecidos aos usu&aacute;rios, o que &eacute; ruim para o consumidor. <\/p>\n<p>O especialista e professor do Departamento de Comunica&ccedil;&atilde;o Social da Pontif&iacute;cia Universidade Cat&oacute;lica (PUC) do Rio de Janeiro, Marcos Dantas, disse que as empresas privadas podem fazer neg&oacute;cios e cabe aos &oacute;rg&atilde;os de regulamenta&ccedil;&atilde;o e de controle examinarem se as transa&ccedil;&otilde;es est&atilde;o de acordo com a legisla&ccedil;&atilde;o em vigor.<\/p>\n<p>&ldquo;Eles n&atilde;o iriam fazer isso, se j&aacute; n&atilde;o existisse um encaminhamento pol&iacute;tico dessa quest&atilde;o. Provavelmente j&aacute; h&aacute; uma grande negocia&ccedil;&atilde;o com o governo; h&aacute; interesse de setores do governo para que essa fus&atilde;o ocorra; at&eacute; o ministro das Comunica&ccedil;&otilde;es [H&eacute;lio Costa] um ano atr&aacute;s falou nisso. Ent&atilde;o se eles est&atilde;o falando isso agora &eacute; porque j&aacute; existe um encaminhamento pol&iacute;tico dessa quest&atilde;o junto &agrave;s esferas governamentais&rdquo;. <\/p>\n<p>Para Dantas, que foi secret&aacute;rio de Planejamento e Or&ccedil;amento do Minist&eacute;rio das Comunica&ccedil;&otilde;es e fez parte do Conselho Consultivo da Ag&ecirc;ncia Nacional de Telecomunica&ccedil;&otilde;es (Anatel) a fus&atilde;o &eacute; vantajosa para o pa&iacute;s, que n&atilde;o tem uma grande empresa de telecomunica&ccedil;&otilde;es que possa operar nacional e internacionalmente. Al&eacute;m disso, ele acredita que a transa&ccedil;&atilde;o vai possibilitar que a Telemar tenha maior atua&ccedil;&atilde;o no mercado das Regi&otilde;es Norte e Nordeste, o que &ldquo;vai beneficiar as popula&ccedil;&otilde;es mais pobres do Brasil&rdquo;.<\/p>\n<p>A Anatel, o Conselho Administrativo de Defesa Econ&ocirc;mica (Cade) e o Minist&eacute;rio das Comunica&ccedil;&otilde;es n&atilde;o quiseram se manifestar sem uma decis&atilde;o oficial sobre a negocia&ccedil;&atilde;o. A Comiss&atilde;o de Valores Imobili&aacute;rios (CVM) informou, por e-mail encaminhado &agrave; Ag&ecirc;ncia Brasil, que &ldquo;a CVM est&aacute; atuando para que as companhias envolvidas prestem ao mercado o melhor esclarecimento poss&iacute;vel sobre neg&oacute;cios eventualmente em andamento.<\/p>\n","protected":false},"excerpt":{"rendered":"<p>Bras&iacute;lia &#8211; A poss&iacute;vel fus&atilde;o da Telemar Participa&ccedil;&otilde;es, que controla a operadora Oi, com a Brasil Telecom Participa&ccedil;&otilde;es S.A, anunciada em carta aos acionistas nesta semana, exigir&aacute; mudan&ccedil;as no Plano Geral de Outorga. Criado com a privatiza&ccedil;&atilde;o das empresas de telecomunica&ccedil;&otilde;es, o plano visa a impedir a concentra&ccedil;&atilde;o de mercado nas m&atilde;os de poucas operadoras, &hellip; <a href=\"https:\/\/obscom.intervozes.org.br\/?p=20190\" class=\"more-link\">Continue lendo <span class=\"screen-reader-text\">Fus\u00e3o de operadoras exigir\u00e1 mudan\u00e7as no Plano Geral de Outorga, diz especialista<\/span> <span class=\"meta-nav\">&rarr;<\/span><\/a><\/p>\n","protected":false},"author":1,"featured_media":0,"comment_status":"open","ping_status":"open","sticky":false,"template":"","format":"standard","meta":{"footnotes":""},"categories":[40],"tags":[81],"_links":{"self":[{"href":"https:\/\/obscom.intervozes.org.br\/index.php?rest_route=\/wp\/v2\/posts\/20190"}],"collection":[{"href":"https:\/\/obscom.intervozes.org.br\/index.php?rest_route=\/wp\/v2\/posts"}],"about":[{"href":"https:\/\/obscom.intervozes.org.br\/index.php?rest_route=\/wp\/v2\/types\/post"}],"author":[{"embeddable":true,"href":"https:\/\/obscom.intervozes.org.br\/index.php?rest_route=\/wp\/v2\/users\/1"}],"replies":[{"embeddable":true,"href":"https:\/\/obscom.intervozes.org.br\/index.php?rest_route=%2Fwp%2Fv2%2Fcomments&post=20190"}],"version-history":[{"count":0,"href":"https:\/\/obscom.intervozes.org.br\/index.php?rest_route=\/wp\/v2\/posts\/20190\/revisions"}],"wp:attachment":[{"href":"https:\/\/obscom.intervozes.org.br\/index.php?rest_route=%2Fwp%2Fv2%2Fmedia&parent=20190"}],"wp:term":[{"taxonomy":"category","embeddable":true,"href":"https:\/\/obscom.intervozes.org.br\/index.php?rest_route=%2Fwp%2Fv2%2Fcategories&post=20190"},{"taxonomy":"post_tag","embeddable":true,"href":"https:\/\/obscom.intervozes.org.br\/index.php?rest_route=%2Fwp%2Fv2%2Ftags&post=20190"}],"curies":[{"name":"wp","href":"https:\/\/api.w.org\/{rel}","templated":true}]}}