{"id":20184,"date":"2008-01-14T13:14:22","date_gmt":"2008-01-14T13:14:22","guid":{"rendered":"https:\/\/obscom.intervozes.org.br\/wordpress\/?p=20184"},"modified":"2008-01-14T13:14:22","modified_gmt":"2008-01-14T13:14:22","slug":"requiao-espera-reacao-da-sociedade-contra-censura-previa-na-tve-do-parana","status":"publish","type":"post","link":"https:\/\/obscom.intervozes.org.br\/?p=20184","title":{"rendered":"Requi\u00e3o espera rea\u00e7\u00e3o da sociedade contra censura pr\u00e9via na TVE do Paran\u00e1"},"content":{"rendered":"<p>O governador do Paran&aacute;, Roberto Requi&atilde;o (PMDB), disse nesta quinta-feira que espera uma rea&ccedil;&atilde;o da sociedade contra a decis&atilde;o judicial que o proibiu de usar a TV Educativa do Estado para promo&ccedil;&atilde;o pessoal, ofensas &agrave; imprensa, a advers&aacute;rios pol&iacute;ticos e institui&ccedil;&otilde;es. A decis&atilde;o &eacute; do TRF-4 (Tribunal Regional Federal da 4&ordf; Regi&atilde;o), em a&ccedil;&atilde;o movida pelo Minist&eacute;rio P&uacute;blico Federal. <\/p>\n<p>&#39;Espero a manifesta&ccedil;&atilde;o de todas as entidades de classe, de ve&iacute;culos de comunica&ccedil;&atilde;o, de sindicatos de jornalistas, da [OAB] Ordem dos Advogados do Brasil, da [ABI] Associa&ccedil;&atilde;o Brasileira de Imprensa, a respeito do estabelecimento da censura pr&eacute;via no Paran&aacute;. Voltamos ao Ato Institucional 5 e &agrave; obscuridade da ditadura&#39;, afirmou o governador por meio de nota.&nbsp; &#39;Hoje, tentam censurar o governador. Amanh&atilde;, pode ser qualquer cidad&atilde;o&#39;, afirmou. <\/p>\n<p>As informa&ccedil;&otilde;es s&atilde;o da Folha Online.<\/p>\n","protected":false},"excerpt":{"rendered":"<p>O governador do Paran&aacute;, Roberto Requi&atilde;o (PMDB), disse nesta quinta-feira que espera uma rea&ccedil;&atilde;o da sociedade contra a decis&atilde;o judicial que o proibiu de usar a TV Educativa do Estado para promo&ccedil;&atilde;o pessoal, ofensas &agrave; imprensa, a advers&aacute;rios pol&iacute;ticos e institui&ccedil;&otilde;es. A decis&atilde;o &eacute; do TRF-4 (Tribunal Regional Federal da 4&ordf; Regi&atilde;o), em a&ccedil;&atilde;o movida &hellip; <a href=\"https:\/\/obscom.intervozes.org.br\/?p=20184\" class=\"more-link\">Continue lendo <span class=\"screen-reader-text\">Requi\u00e3o espera rea\u00e7\u00e3o da sociedade contra censura pr\u00e9via na TVE do Paran\u00e1<\/span> <span class=\"meta-nav\">&rarr;<\/span><\/a><\/p>\n","protected":false},"author":1,"featured_media":0,"comment_status":"open","ping_status":"open","sticky":false,"template":"","format":"standard","meta":{"footnotes":""},"categories":[39],"tags":[],"_links":{"self":[{"href":"https:\/\/obscom.intervozes.org.br\/index.php?rest_route=\/wp\/v2\/posts\/20184"}],"collection":[{"href":"https:\/\/obscom.intervozes.org.br\/index.php?rest_route=\/wp\/v2\/posts"}],"about":[{"href":"https:\/\/obscom.intervozes.org.br\/index.php?rest_route=\/wp\/v2\/types\/post"}],"author":[{"embeddable":true,"href":"https:\/\/obscom.intervozes.org.br\/index.php?rest_route=\/wp\/v2\/users\/1"}],"replies":[{"embeddable":true,"href":"https:\/\/obscom.intervozes.org.br\/index.php?rest_route=%2Fwp%2Fv2%2Fcomments&post=20184"}],"version-history":[{"count":0,"href":"https:\/\/obscom.intervozes.org.br\/index.php?rest_route=\/wp\/v2\/posts\/20184\/revisions"}],"wp:attachment":[{"href":"https:\/\/obscom.intervozes.org.br\/index.php?rest_route=%2Fwp%2Fv2%2Fmedia&parent=20184"}],"wp:term":[{"taxonomy":"category","embeddable":true,"href":"https:\/\/obscom.intervozes.org.br\/index.php?rest_route=%2Fwp%2Fv2%2Fcategories&post=20184"},{"taxonomy":"post_tag","embeddable":true,"href":"https:\/\/obscom.intervozes.org.br\/index.php?rest_route=%2Fwp%2Fv2%2Ftags&post=20184"}],"curies":[{"name":"wp","href":"https:\/\/api.w.org\/{rel}","templated":true}]}}