{"id":20178,"date":"2008-01-11T22:35:28","date_gmt":"2008-01-11T22:35:28","guid":{"rendered":"https:\/\/obscom.intervozes.org.br\/wordpress\/?p=20178"},"modified":"2008-01-11T22:35:28","modified_gmt":"2008-01-11T22:35:28","slug":"classificacao-indicativa-no-paredao-do-bbb","status":"publish","type":"post","link":"https:\/\/obscom.intervozes.org.br\/?p=20178","title":{"rendered":"Classifica\u00e7\u00e3o indicativa no pared\u00e3o do BBB"},"content":{"rendered":"<p class=\"western\" align=\"justify\">N&atilde;o d&aacute; para concordar com a decis&atilde;o do Minist&eacute;rio da Justi&ccedil;a em adiar por 90 dias a obriga&ccedil;&atilde;o de adequa&ccedil;&atilde;o da programa&ccedil;&atilde;o de TV aos fusos hor&aacute;rios do pa&iacute;s. Est&aacute; claro que a implementa&ccedil;&atilde;o dessa medida &eacute; essencial para a plena efetividade das regras de classifica&ccedil;&atilde;o indicativa por faixa et&aacute;ria, e sua posterga&ccedil;&atilde;o prejudica diretamente crian&ccedil;as e adolescentes das regi&otilde;es Norte e Centro-Oeste do Brasil. O adiamento, ocorrido horas antes do dia 9 de janeiro (data prevista para a medida entrar em rigor), foi feito sem di&aacute;logo com os setores que vinham participando dos debates sobre a classifica&ccedil;&atilde;o indicativa e sem que houvesse motivos justificados para isso.<\/p>\n<p>Em nota divulgada no pr&oacute;pio dia 9, o ministro Tarso Genro declarou que &ldquo;a decis&atilde;o do Minist&eacute;rio da Justi&ccedil;a foi uma resposta aos pedidos de parlamentares e de entidades representativas das emissoras das regi&otilde;es com fuso hor&aacute;rio diferente ao de Bras&iacute;lia, que alegam dificuldades financeiras das emissoras regionais na aquisi&ccedil;&atilde;o de equipamentos e contrata&ccedil;&atilde;o de m&atilde;o-de-obra para fazer as modifica&ccedil;&otilde;es t&eacute;cnicas necess&aacute;rias ao cumprimento do fuso hor&aacute;rio&rdquo;. Entretanto, as emissoras tiveram 180 dias para se adequar &agrave;s novas regras, e devem &agrave; sociedade e ao governo respostas sobre o que foi efetivamente feito ao longo desse per&iacute;odo para se adequar &agrave; medida e quais s&atilde;o, concretamente, as dificuldades t&eacute;cnicas e financeiras para sua implementa&ccedil;&atilde;o.<\/p>\n<p>H&aacute; ainda outra quest&atilde;o a se esclarecer. Segundo reportagem do jornal <em>Folha de S. Paulo<\/em> em 9 de janeiro, SBT, Record e Bandeirantes estavam prontas para se adequar &agrave;s novas regras. Aparentemente, a emissora que mais defendeu o adiamento foi a Rede Globo, justamente a de maior faturamento no pa&iacute;s. Esse fato leva a crer que os interesses comerciais na veicula&ccedil;&atilde;o do programa Big Brother, que seriam diretamente prejudicados pela medida, prevaleceram em rela&ccedil;&atilde;o ao interesse p&uacute;blico de adequa&ccedil;&atilde;o da programa&ccedil;&atilde;o ao fuso hor&aacute;rio do pa&iacute;s. Sem esclarecimentos p&uacute;blicos a essas quest&otilde;es, o adiamento torna-se injustific&aacute;vel.<\/p>\n<p>&Eacute; constrangedora a decis&atilde;o do Minist&eacute;rio da Justi&ccedil;a de acatar o pedido de adiamento de uma regra legal, &agrave;s v&eacute;speras de sua entrada em vigor, justamente por aqueles que teriam que se adequar a ela. Na nota divulgada, o ministro Tarso Genro declarou que a implementa&ccedil;&atilde;o da medida trazia o risco de &ldquo;causar desestrutura&ccedil;&atilde;o &agrave;s emissoras regionais, o que poderia ser confundido com algum tipo de censura ao direito &agrave; informa&ccedil;&atilde;o&rdquo;, antes de afirmar que &ldquo;este &eacute; o prazo final e n&atilde;o ser&aacute; mais prorrogado&quot;.<\/p>\n<p>N&atilde;o h&aacute; qualquer possibilidade de que a entrada em vigor dessa norma legal seja confundida com censura. &Eacute; absolutamente leg&iacute;tima a determina&ccedil;&atilde;o do pr&oacute;prio Minist&eacute;rio da Justi&ccedil;a, expressa na portaria 1220\/07, de vincula&ccedil;&atilde;o da classifica&ccedil;&atilde;o indicativa ao hor&aacute;rio de exibi&ccedil;&atilde;o dos programas, com respeito ao fuso hor&aacute;rio brasileiro. O que precisa ser explicado &eacute; o adiamento da regra, e n&atilde;o a sua aplica&ccedil;&atilde;o. Sobre a decis&atilde;o do Minist&eacute;rio da Justi&ccedil;a, s&oacute; nos resta lamentar e esperar que o novo prazo seja de fato cumprido, sem adiamento.<\/p>\n<p>* Jo&atilde;o Brant &eacute; coordenador do Intervozes &#8211; Coletivo Brasil de Comunica&ccedil;&atilde;o Social.&nbsp;<\/p>\n","protected":false},"excerpt":{"rendered":"<p>N&atilde;o d&aacute; para concordar com a decis&atilde;o do Minist&eacute;rio da Justi&ccedil;a em adiar por 90 dias a obriga&ccedil;&atilde;o de adequa&ccedil;&atilde;o da programa&ccedil;&atilde;o de TV aos fusos hor&aacute;rios do pa&iacute;s. Est&aacute; claro que a implementa&ccedil;&atilde;o dessa medida &eacute; essencial para a plena efetividade das regras de classifica&ccedil;&atilde;o indicativa por faixa et&aacute;ria, e sua posterga&ccedil;&atilde;o prejudica diretamente &hellip; <a href=\"https:\/\/obscom.intervozes.org.br\/?p=20178\" class=\"more-link\">Continue lendo <span class=\"screen-reader-text\">Classifica\u00e7\u00e3o indicativa no pared\u00e3o do BBB<\/span> <span class=\"meta-nav\">&rarr;<\/span><\/a><\/p>\n","protected":false},"author":1,"featured_media":0,"comment_status":"open","ping_status":"open","sticky":false,"template":"","format":"standard","meta":{"footnotes":""},"categories":[42],"tags":[56],"_links":{"self":[{"href":"https:\/\/obscom.intervozes.org.br\/index.php?rest_route=\/wp\/v2\/posts\/20178"}],"collection":[{"href":"https:\/\/obscom.intervozes.org.br\/index.php?rest_route=\/wp\/v2\/posts"}],"about":[{"href":"https:\/\/obscom.intervozes.org.br\/index.php?rest_route=\/wp\/v2\/types\/post"}],"author":[{"embeddable":true,"href":"https:\/\/obscom.intervozes.org.br\/index.php?rest_route=\/wp\/v2\/users\/1"}],"replies":[{"embeddable":true,"href":"https:\/\/obscom.intervozes.org.br\/index.php?rest_route=%2Fwp%2Fv2%2Fcomments&post=20178"}],"version-history":[{"count":0,"href":"https:\/\/obscom.intervozes.org.br\/index.php?rest_route=\/wp\/v2\/posts\/20178\/revisions"}],"wp:attachment":[{"href":"https:\/\/obscom.intervozes.org.br\/index.php?rest_route=%2Fwp%2Fv2%2Fmedia&parent=20178"}],"wp:term":[{"taxonomy":"category","embeddable":true,"href":"https:\/\/obscom.intervozes.org.br\/index.php?rest_route=%2Fwp%2Fv2%2Fcategories&post=20178"},{"taxonomy":"post_tag","embeddable":true,"href":"https:\/\/obscom.intervozes.org.br\/index.php?rest_route=%2Fwp%2Fv2%2Ftags&post=20178"}],"curies":[{"name":"wp","href":"https:\/\/api.w.org\/{rel}","templated":true}]}}