{"id":20157,"date":"2007-12-26T00:00:00","date_gmt":"2007-12-26T00:00:00","guid":{"rendered":"https:\/\/obscom.intervozes.org.br\/wordpress\/?p=20157"},"modified":"2007-12-26T00:00:00","modified_gmt":"2007-12-26T00:00:00","slug":"radio-comunitaria-so-pode-funcionar-com-concessao","status":"publish","type":"post","link":"https:\/\/obscom.intervozes.org.br\/?p=20157","title":{"rendered":"R\u00e1dio comunit\u00e1ria s\u00f3 pode funcionar com concess\u00e3o"},"content":{"rendered":"<p>O funcionamento de r&aacute;dio comunit&aacute;ria, educativa e sem fins lucrativos &eacute; dado como clandestino enquanto n&atilde;o for conclu&iacute;do processo de outorga de concess&atilde;o pelo Poder Executivo. Esse foi entendimento da 5&ordf; Turma Especializada do Tribunal Regional Federal da 2&ordf; Regi&atilde;o ao negar pedido para anula&ccedil;&atilde;o de auto de infra&ccedil;&atilde;o emitido pela Ag&ecirc;ncia Nacional de Telecomunica&ccedil;&otilde;es (Anatel) contra uma r&aacute;dio fluminense. A decis&atilde;o foi un&acirc;nime.<\/p>\n<p>O pedido foi feito pela Funda&ccedil;&atilde;o Cultural e Social D&iacute;dimo Ribeiro Gomes em Mandado de Seguran&ccedil;a contra senten&ccedil;a de primeiro grau da Justi&ccedil;a Federal do Rio de Janeiro. A r&aacute;dio comunit&aacute;ria foi autuada pela Anatel por atividade clandestina. A Ag&ecirc;ncia determinou tamb&eacute;m a reten&ccedil;&atilde;o dos aparelhos de radiofonia. <\/p>\n<p>A funda&ccedil;&atilde;o que mant&eacute;m a r&aacute;dio, sediada em Campos dos Goytacazes, norte do estado do Rio de Janeiro, entrou com pedido de Mandadode Seguran&ccedil;a na 9&ordf; Vara Federal do Rio de Janeiro, contestando o ato da Anatel. Em defesa da r&aacute;dio, a funda&ccedil;&atilde;o alegou que o ve&iacute;culo &#39;se encontra amparado por parecer do Minist&eacute;rio das Comunica&ccedil;&otilde;es&#39;, funcionando legalmente. O pedido foi negado. <\/p>\n<p>A r&aacute;dio recorreu, mas o TRF-2 decidiu que a r&aacute;dio comunit&aacute;ria n&atilde;o tem licen&ccedil;a para funcionar. De acordo com o relator do caso, desembargador federal Ant&ocirc;nio Cruz Netto, &#39;n&atilde;o configura direito adquirido a simples emiss&atilde;o de parecer favor&aacute;vel por &oacute;rg&atilde;o do Minist&eacute;rio das Comunica&ccedil;&otilde;es&#39;. O relator esclareceu que o Minist&eacute;rio n&atilde;o tem poder para vincular a decis&atilde;o final do Congresso Nacional. O pedido de outorga de concess&atilde;o, portanto, ser&aacute; analisado definitivamente naquela casa. <\/p>\n","protected":false},"excerpt":{"rendered":"<p>O funcionamento de r&aacute;dio comunit&aacute;ria, educativa e sem fins lucrativos &eacute; dado como clandestino enquanto n&atilde;o for conclu&iacute;do processo de outorga de concess&atilde;o pelo Poder Executivo. Esse foi entendimento da 5&ordf; Turma Especializada do Tribunal Regional Federal da 2&ordf; Regi&atilde;o ao negar pedido para anula&ccedil;&atilde;o de auto de infra&ccedil;&atilde;o emitido pela Ag&ecirc;ncia Nacional de Telecomunica&ccedil;&otilde;es &hellip; <a href=\"https:\/\/obscom.intervozes.org.br\/?p=20157\" class=\"more-link\">Continue lendo <span class=\"screen-reader-text\">R\u00e1dio comunit\u00e1ria s\u00f3 pode funcionar com concess\u00e3o<\/span> <span class=\"meta-nav\">&rarr;<\/span><\/a><\/p>\n","protected":false},"author":1,"featured_media":0,"comment_status":"open","ping_status":"open","sticky":false,"template":"","format":"standard","meta":{"footnotes":""},"categories":[39],"tags":[66],"_links":{"self":[{"href":"https:\/\/obscom.intervozes.org.br\/index.php?rest_route=\/wp\/v2\/posts\/20157"}],"collection":[{"href":"https:\/\/obscom.intervozes.org.br\/index.php?rest_route=\/wp\/v2\/posts"}],"about":[{"href":"https:\/\/obscom.intervozes.org.br\/index.php?rest_route=\/wp\/v2\/types\/post"}],"author":[{"embeddable":true,"href":"https:\/\/obscom.intervozes.org.br\/index.php?rest_route=\/wp\/v2\/users\/1"}],"replies":[{"embeddable":true,"href":"https:\/\/obscom.intervozes.org.br\/index.php?rest_route=%2Fwp%2Fv2%2Fcomments&post=20157"}],"version-history":[{"count":0,"href":"https:\/\/obscom.intervozes.org.br\/index.php?rest_route=\/wp\/v2\/posts\/20157\/revisions"}],"wp:attachment":[{"href":"https:\/\/obscom.intervozes.org.br\/index.php?rest_route=%2Fwp%2Fv2%2Fmedia&parent=20157"}],"wp:term":[{"taxonomy":"category","embeddable":true,"href":"https:\/\/obscom.intervozes.org.br\/index.php?rest_route=%2Fwp%2Fv2%2Fcategories&post=20157"},{"taxonomy":"post_tag","embeddable":true,"href":"https:\/\/obscom.intervozes.org.br\/index.php?rest_route=%2Fwp%2Fv2%2Ftags&post=20157"}],"curies":[{"name":"wp","href":"https:\/\/api.w.org\/{rel}","templated":true}]}}