{"id":20156,"date":"2007-12-27T00:00:00","date_gmt":"2007-12-27T00:00:00","guid":{"rendered":"https:\/\/obscom.intervozes.org.br\/wordpress\/?p=20156"},"modified":"2007-12-27T00:00:00","modified_gmt":"2007-12-27T00:00:00","slug":"oposicao-no-congresso-ja-se-articula-contra-mp-que-cria-tv-publica","status":"publish","type":"post","link":"https:\/\/obscom.intervozes.org.br\/?p=20156","title":{"rendered":"Oposi\u00e7\u00e3o no Congresso j\u00e1 se articula contra MP que cria TV p\u00fablica"},"content":{"rendered":"<p>Depois de perder a batalha pela Contribui&ccedil;&atilde;o Provis&oacute;ria sobre movimenta&ccedil;&atilde;o Financeira (CPMF) no Senado, o governo enfrentar&aacute; logo no in&iacute;cio do ano legislativo, em fevereiro, resist&ecirc;ncia da oposi&ccedil;&atilde;o para aprovar a medida provis&oacute;ria que criou a Empresa Brasil de Comunica&ccedil;&atilde;o (EBC). <\/p>\n<p>Vinculada &agrave; Secretaria de Comunica&ccedil;&atilde;o Social da Presid&ecirc;ncia da Rep&uacute;blica, a empresa &eacute; gestora da TV Brasil, emissora de televis&atilde;o p&uacute;blica que est&aacute; no ar desde o dia 2 de dezembro. Uma MP vigora com for&ccedil;a de lei, mas seus efeitos s&oacute; se tornam definitivos depois da aprova&ccedil;&atilde;o na C&acirc;mara e no Senado. <\/p>\n<p>Em setembro, o Senado derrubou &#8211; por 22 votos a favor e 46 contra &#8211; a medida provis&oacute;ria que criou a Secretaria de Planejamento de Longo Prazo da Presid&ecirc;ncia da Rep&uacute;blica, que estava sendo comandada pelo professor Mangabeira Unger. <\/p>\n<p>Com a rejei&ccedil;&atilde;o da MP, o presidente Luiz In&aacute;cio Lula da Silva nomeou Mangabeira Unger ministro Extraordin&aacute;rio de A&ccedil;&otilde;es Estrat&eacute;gicas por decreto, sem a possibilidade de criar os cargos para preencher a pasta. A MP da TV p&uacute;blica est&aacute; trancando a pauta de vota&ccedil;&otilde;es da C&acirc;mara dos Deputados desde 25 de novembro. De l&aacute;, ter&aacute; de ser submetida ao Senado, onde a oposi&ccedil;&atilde;o &eacute; mais forte. <\/p>\n<p>&quot;&Eacute; uma TV chapa branca, para prega&ccedil;&atilde;o de id&eacute;ias de um grupo &quot;, afirmou o senador Tasso Jereissati (PSDB-CE), ex-presidente nacional e uma das principais lideran&ccedil;as do seu partido no Congresso. Segundo ele, &quot;&eacute; quest&atilde;o de honra das oposi&ccedil;&otilde;es tentar derrubar a MP&quot;. <\/p>\n<p>Ele reconhece que, embora a oposi&ccedil;&atilde;o possa dificultar o processo, as chances de rejei&ccedil;&atilde;o n&atilde;o s&atilde;o grandes. &Eacute; que a aprova&ccedil;&atilde;o de uma MP exige apenas maioria simples (metade mais um dos presentes) dos votos a favor da proposta &#8211; quorum bem mais baixo que os tr&ecirc;s quintos de votos favor&aacute;veis exigidos no caso de uma Proposta de Emenda Constitucional (PEC). <\/p>\n<p>Na C&acirc;mara, onde o governo tem maioria mais tranquila, a ordem da oposi&ccedil;&atilde;o &eacute; tentar derrubar a TV p&uacute;blica. Primeiro, os parlamentares tentar&atilde;o adiar ao m&aacute;ximo a vota&ccedil;&atilde;o da medida provis&oacute;ria. A MP n&ordm; 400, de 2007, &eacute; o primeiro item a ser votado pelos deputados a partir de fevereiro, quando o Congresso retoma os trabalhos. <\/p>\n<p>&quot;Vamos lutar contra a TV do Lula. Por que a TV p&uacute;blica ser&aacute; a TV do Lula, para fazer propaganda para o presidente da Rep&uacute;blica&quot;, critica o l&iacute;der do DEM na C&acirc;mara, Onix Lorenzoni (RS).O parlamentar pretende se unir ao PSDB e ao PPS e acirrar o debate no plen&aacute;rio. Obstru&ccedil;&otilde;es dever&atilde;o ser parte da estrat&eacute;gia para retardar a aprova&ccedil;&atilde;o do texto. <\/p>\n<p>O PSDB da C&acirc;mara tamb&eacute;m lutar&aacute; para derrubar a nova televis&atilde;o. &quot;A MP cria muita desconfian&ccedil;a. O governo justifica a cria&ccedil;&atilde;o de mais uma TV p&uacute;blica para evitar o que ele dizem que foi uma persegui&ccedil;&atilde;o da imprensa em 2005&quot;, diz o l&iacute;der tucano na C&acirc;mara, Antonio Carlos Pannunzio (SP). &quot;Mas o mensal&atilde;o e toda a crise pol&iacute;tica de 2005 n&atilde;o foi criada pela imprensa. Se o governo foi atingido, &eacute; por incompet&ecirc;ncia deles&quot;, completa. <\/p>\n<p>Para Pannunzio, o m&eacute;todo adotado para tratar do tema mostra um perfil &quot;autorit&aacute;rio&quot; do governo. &quot;J&aacute; tentaram controlar os jornalistas, a produ&ccedil;&atilde;o de cinema e, agora, criam TV por medida provis&oacute;ria&quot;, critica. &quot;Qual &eacute; a urg&ecirc;ncia na cria&ccedil;&atilde;o da TV P&uacute;blica? Por que n&atilde;o um projeto de lei para ser debatido ? Al&eacute;m de criar a TV, a MP ainda vai cria mais cargos, a maioria comissionados, para empregar petistas&quot;, afirma Pannunzio. <\/p>\n<p>A preocupa&ccedil;&atilde;o dos tucanos com a utiliza&ccedil;&atilde;o de uma TV pelo governo Lula foi explicitada no congresso nacional do PSDB, realizado em Bras&iacute;lia, em setembro. Os dirigentes do partido fizeram cr&iacute;ticas veementes contra a cria&ccedil;&atilde;o da emissora, entre eles o ex-presidente Fernando Henrique Cardoso. <\/p>\n<p>Para os tucanos, a TV p&uacute;blica pode tornar-se instrumento de manipula&ccedil;&atilde;o . Em sabatina realizada pela Folha de S.Paulo no in&iacute;cio do m&ecirc;s, FHC considerou desperd&iacute;cio de dinheiro a cria&ccedil;&atilde;o da emissora, j&aacute; que o governo tem autonomia para convocar a imprensa. A afirmou que h&aacute; o risco de a TV tornar-se porta-voz do governo. <\/p>\n<p>&quot;Tucanos e democratas v&atilde;o votar contra a MP. &Eacute; poss&iacute;vel arregimentar alguns votos de insatisfeitos. &Eacute; o tipo do gasto sup&eacute;rfluo, ao lado da contrata&ccedil;&atilde;o de milhares de novos cargos e cria&ccedil;&atilde;o de minist&eacute;rios novos&quot;, disse o l&iacute;der do DEM no Senado, Jos&eacute; Agripino (RN).O DEM apresentou uma Adin (A&ccedil;&atilde;o Direta de Inconstitucionalida de) no STF contra a MP que criou a EBC. <\/p>\n<p>Para o partido, n&atilde;o h&aacute; urg&ecirc;ncia e relev&acirc;ncia na cria&ccedil;&atilde;o da emissora, dois requisitos b&aacute;sicos para a edi&ccedil;&atilde;o de uma MP. Em audi&ecirc;ncia p&uacute;blica na C&acirc;mara, o ministro Franklin Martins (Comunica&ccedil;&atilde;o Social) justificou a cria&ccedil;&atilde;o por meio de MP para acompanhar a implanta&ccedil;&atilde;o da TV digital. <\/p>\n<p>O presidente Luiz In&aacute;cio Lula da Silva, em diversas ocasi&otilde;es, afirmou que a rede p&uacute;blica de televis&atilde;o n&atilde;o seria &quot;chapa branca&quot;, nem seria criada para defender partidos, ideologias e religi&otilde;es. O presidente defendeu a necessidade de se criar um espa&ccedil;o para debate de temas importantes, como aborto, energia nuclear, economia, uso de c&eacute;lula tronco e biodiesel. <\/p>\n<p>A jornalista Teresa Cruvinel, presidente da EBC, disse que a id&eacute;ia &eacute; adaptar o modelo das TVs p&uacute;blicas europ&eacute;ias, principalmente a BBC de Londres, para a experi&ecirc;ncia brasileira. Em entrevistas, Teresa negou que a emissora ser&aacute; governamental. Segundo ela, o governo paga a TV p&uacute;blica, mas a sociedade ir&aacute; control&aacute;-la, por meio de um conselho. <\/p>\n","protected":false},"excerpt":{"rendered":"<p>Depois de perder a batalha pela Contribui&ccedil;&atilde;o Provis&oacute;ria sobre movimenta&ccedil;&atilde;o Financeira (CPMF) no Senado, o governo enfrentar&aacute; logo no in&iacute;cio do ano legislativo, em fevereiro, resist&ecirc;ncia da oposi&ccedil;&atilde;o para aprovar a medida provis&oacute;ria que criou a Empresa Brasil de Comunica&ccedil;&atilde;o (EBC). Vinculada &agrave; Secretaria de Comunica&ccedil;&atilde;o Social da Presid&ecirc;ncia da Rep&uacute;blica, a empresa &eacute; gestora &hellip; <a href=\"https:\/\/obscom.intervozes.org.br\/?p=20156\" class=\"more-link\">Continue lendo <span class=\"screen-reader-text\">Oposi\u00e7\u00e3o no Congresso j\u00e1 se articula contra MP que cria TV p\u00fablica<\/span> <span class=\"meta-nav\">&rarr;<\/span><\/a><\/p>\n","protected":false},"author":1,"featured_media":0,"comment_status":"open","ping_status":"open","sticky":false,"template":"","format":"standard","meta":{"footnotes":""},"categories":[40],"tags":[603],"_links":{"self":[{"href":"https:\/\/obscom.intervozes.org.br\/index.php?rest_route=\/wp\/v2\/posts\/20156"}],"collection":[{"href":"https:\/\/obscom.intervozes.org.br\/index.php?rest_route=\/wp\/v2\/posts"}],"about":[{"href":"https:\/\/obscom.intervozes.org.br\/index.php?rest_route=\/wp\/v2\/types\/post"}],"author":[{"embeddable":true,"href":"https:\/\/obscom.intervozes.org.br\/index.php?rest_route=\/wp\/v2\/users\/1"}],"replies":[{"embeddable":true,"href":"https:\/\/obscom.intervozes.org.br\/index.php?rest_route=%2Fwp%2Fv2%2Fcomments&post=20156"}],"version-history":[{"count":0,"href":"https:\/\/obscom.intervozes.org.br\/index.php?rest_route=\/wp\/v2\/posts\/20156\/revisions"}],"wp:attachment":[{"href":"https:\/\/obscom.intervozes.org.br\/index.php?rest_route=%2Fwp%2Fv2%2Fmedia&parent=20156"}],"wp:term":[{"taxonomy":"category","embeddable":true,"href":"https:\/\/obscom.intervozes.org.br\/index.php?rest_route=%2Fwp%2Fv2%2Fcategories&post=20156"},{"taxonomy":"post_tag","embeddable":true,"href":"https:\/\/obscom.intervozes.org.br\/index.php?rest_route=%2Fwp%2Fv2%2Ftags&post=20156"}],"curies":[{"name":"wp","href":"https:\/\/api.w.org\/{rel}","templated":true}]}}