{"id":20152,"date":"2007-12-28T00:00:00","date_gmt":"2007-12-28T00:00:00","guid":{"rendered":"https:\/\/obscom.intervozes.org.br\/wordpress\/?p=20152"},"modified":"2007-12-28T00:00:00","modified_gmt":"2007-12-28T00:00:00","slug":"tv-brasil-e-criticada-por-modelo-de-gestao-e-enfase-no-jornalismo","status":"publish","type":"post","link":"https:\/\/obscom.intervozes.org.br\/?p=20152","title":{"rendered":"TV Brasil \u00e9 criticada por modelo de gest\u00e3o e \u00eanfase no jornalismo"},"content":{"rendered":"<p>A &ecirc;nfase no jornalismo pol&iacute;tico, com a nomea&ccedil;&atilde;o de jornalistas para a dire&ccedil;&atilde;o da empresa e a inclus&atilde;o de dois telejornais na programa&ccedil;&atilde;o di&aacute;ria, e o modelo de gest&atilde;o sem autonomia assegurada por lei s&atilde;o as principais cr&iacute;ticas &agrave; TV Brasil.<\/p>\n<p>O soci&oacute;logo Dem&eacute;trio Magnoli diz que a programa&ccedil;&atilde;o da TV Brasil mostra que, ao contr&aacute;rio do discurso governamental de que ela vai unir a programa&ccedil;&atilde;o regional das emissoras p&uacute;blicas e estatais, o governo vai usar a emissora para fazer jornalismo pol&iacute;tico. <\/p>\n<p>&quot;Na pr&aacute;tica, o que o governo est&aacute; dizendo, n&atilde;o com as palavras, mas com a programa&ccedil;&atilde;o que montou, &eacute; que o jornalismo independente do governo n&atilde;o serve, por isso o governo precisa fazer jornalismo pol&iacute;tico&quot;, afirma. <\/p>\n<p>Para o radialista Diogo Moyses, um dos coordenadores da ONG Intervozes, que discute a amplia&ccedil;&atilde;o do direito &agrave; comunica&ccedil;&atilde;o, o problema da nova TV &eacute; o modelo de gest&atilde;o, que, na avalia&ccedil;&atilde;o dele, n&atilde;o garante a independ&ecirc;ncia da empresa. <\/p>\n<p>&quot;Tanto a diretoria executiva como o Conselho Curador s&atilde;o indicados pelo presidente, o que, do nosso ponto de vista, compromete a autonomia e a independ&ecirc;ncia da empresa&quot;, afirma Moyses. <\/p>\n<p><strong>Jornalismo<br \/><\/strong><br \/>Magnoli critica o fato de os dirigentes da TV serem profissionais oriundos do jornalismo pol&iacute;tico, e de a programa&ccedil;&atilde;o nova da TV Brasil incluir dois telejornais. <\/p>\n<p>O restante da programa&ccedil;&atilde;o &eacute; uma mistura do que j&aacute; era exibido na TV Nacional, de Bras&iacute;lia, e na TVE, do Rio, emissoras que se fundiram para criar a TV Brasil. <\/p>\n<p>&quot;O governo est&aacute; usando dinheiro p&uacute;blico para fazer algo que n&atilde;o devia, que &eacute; jornalismo pol&iacute;tico&quot;, afirmou Magnoli. &quot;E como n&atilde;o vai funcionar, o governo vai jogar fora todo esse dinheiro.&quot; <\/p>\n<p>A presidente da EBC, Tereza Cruvinel, diz que a TV Brasil vai discutir as quest&otilde;es nacionais, assuntos que n&atilde;o encontram espa&ccedil;o hoje nas emissoras comerciais. <\/p>\n<p>Magnoli discorda. Ele afirma que a imprensa j&aacute; faz este papel. &quot;A imprensa brasileira tem uma pluralidade incomum na Am&eacute;rica Latina&quot;, diz o soci&oacute;logo. <br \/>Se existe algo para ser criticado no jornalismo brasileiro, diz Magnoli, n&atilde;o &eacute; o excesso de cr&iacute;tica ao governo, mas a falta de cr&iacute;tica. <\/p>\n<p>&quot;A m&iacute;dia eletr&ocirc;nica &eacute; extremamente submissa ao governo, e n&atilde;o s&oacute; a este governo, mas aos governos anteriores tamb&eacute;m&quot;, afirma. &quot;O jornalismo, por defini&ccedil;&atilde;o, deve criticar o governo. N&atilde;o apenas este, mas qualquer governo.&quot; <\/p>\n<p><strong>Gest&atilde;o<br \/><\/strong><br \/>A ONG Intervozes defendia tamb&eacute;m a independ&ecirc;ncia das verbas or&ccedil;ament&aacute;rias do governo, mas Moyses diz que mesmo com a vincula&ccedil;&atilde;o ao or&ccedil;amento &#8211; como determina a Medida Provis&oacute;ria que criou a Empresa Brasil de Comunica&ccedil;&atilde;o (EBC) &#8211; teria sido poss&iacute;vel garantir a autonomia de decis&otilde;es se ela estivesse explicitada no texto. <\/p>\n<p>Mas ele discorda da cr&iacute;tica de alguns pol&iacute;ticos de oposi&ccedil;&atilde;o, que afirmam que a TV ser&aacute; utilizada como um instrumento pol&iacute;tico do governo. <\/p>\n<p>&quot;N&oacute;s n&atilde;o acreditamos, de maneira nenhuma, que este governo tenha a inten&ccedil;&atilde;o de instrumentalizar a EBC, at&eacute; porque isso n&atilde;o foi feito com a Radiobr&aacute;s nos &uacute;ltimos cinco anos&quot;, afirma Moyses. <\/p>\n<p>O problema, segundo ele, &eacute; que a Medida Provis&oacute;ria que criou a empresa n&atilde;o garante a independ&ecirc;ncia formalmente, e futuros governos n&atilde;o ter&atilde;o os compromissos pol&iacute;ticos assumidos pelo governo atual, que em diversas ocasi&otilde;es j&aacute; se pronunciou a favor da autonomia da emissora. <\/p>\n<p>&quot;Este governo tem que saber que outros governos podem sim ter tenta&ccedil;&otilde;es autorit&aacute;rias. E esses governos v&atilde;o ter a legitimidade absoluta de instrumentalizar a EBC&quot;, afirma Moyses. &quot;O problema &eacute; que n&atilde;o foi feita uma blindagem contra isso.&quot; <\/p>\n<p><strong>Conselho<\/strong><\/p>\n<p>Tereza Cruvinel diz que essas defini&ccedil;&otilde;es ficar&atilde;o a cargo do Conselho Curador, que vai fiscalizar o trabalho dos diretores executivos. <\/p>\n<p>A Intervozes tamb&eacute;m critica a falta de transpar&ecirc;ncia na escolha dos conselheiros.<\/p>\n<p>Os 15 nomes apresentados ao presidente Luiz In&aacute;cio Lula da Silva foram escolhidos pelo economista Luiz Gonzaga Belluzzo, a pedido do presidente. Tamb&eacute;m integram o Conselho Curador quatro ministros e um representantes dos funcion&aacute;rios. <\/p>\n<p>&quot;&Eacute; um conselho elitista&quot;, diz Moyses. &quot;Faltam representantes dos trabalhadores e de emissoras do campo p&uacute;blico.&quot; <\/p>\n<p>A MP determina que os pr&oacute;ximos conselheiros podem ser indicados por consulta p&uacute;blica, mas a decis&atilde;o final ainda cabe ao presidente.<\/p>\n<p>A Associa&ccedil;&atilde;o Brasileira de Emissoras de R&aacute;dio e TV (Abert), critica a possibilidade de a TV Brasil buscar recursos no mercado publicit&aacute;rio, al&eacute;m dos recursos or&ccedil;ament&aacute;rios e com isso competir com as televis&otilde;es privadas. <\/p>\n<p>&quot;Ou ela busca financiamento no governo ou no mercado&quot;, afirma o presidente da Abert, Daniel Pimentel Slaviero. &quot;N&atilde;o pode ficar em ambos os lados.&quot; <\/p>\n","protected":false},"excerpt":{"rendered":"<p>A &ecirc;nfase no jornalismo pol&iacute;tico, com a nomea&ccedil;&atilde;o de jornalistas para a dire&ccedil;&atilde;o da empresa e a inclus&atilde;o de dois telejornais na programa&ccedil;&atilde;o di&aacute;ria, e o modelo de gest&atilde;o sem autonomia assegurada por lei s&atilde;o as principais cr&iacute;ticas &agrave; TV Brasil. O soci&oacute;logo Dem&eacute;trio Magnoli diz que a programa&ccedil;&atilde;o da TV Brasil mostra que, ao &hellip; <a href=\"https:\/\/obscom.intervozes.org.br\/?p=20152\" class=\"more-link\">Continue lendo <span class=\"screen-reader-text\">TV Brasil \u00e9 criticada por modelo de gest\u00e3o e \u00eanfase no jornalismo<\/span> <span class=\"meta-nav\">&rarr;<\/span><\/a><\/p>\n","protected":false},"author":1,"featured_media":0,"comment_status":"open","ping_status":"open","sticky":false,"template":"","format":"standard","meta":{"footnotes":""},"categories":[40],"tags":[259],"_links":{"self":[{"href":"https:\/\/obscom.intervozes.org.br\/index.php?rest_route=\/wp\/v2\/posts\/20152"}],"collection":[{"href":"https:\/\/obscom.intervozes.org.br\/index.php?rest_route=\/wp\/v2\/posts"}],"about":[{"href":"https:\/\/obscom.intervozes.org.br\/index.php?rest_route=\/wp\/v2\/types\/post"}],"author":[{"embeddable":true,"href":"https:\/\/obscom.intervozes.org.br\/index.php?rest_route=\/wp\/v2\/users\/1"}],"replies":[{"embeddable":true,"href":"https:\/\/obscom.intervozes.org.br\/index.php?rest_route=%2Fwp%2Fv2%2Fcomments&post=20152"}],"version-history":[{"count":0,"href":"https:\/\/obscom.intervozes.org.br\/index.php?rest_route=\/wp\/v2\/posts\/20152\/revisions"}],"wp:attachment":[{"href":"https:\/\/obscom.intervozes.org.br\/index.php?rest_route=%2Fwp%2Fv2%2Fmedia&parent=20152"}],"wp:term":[{"taxonomy":"category","embeddable":true,"href":"https:\/\/obscom.intervozes.org.br\/index.php?rest_route=%2Fwp%2Fv2%2Fcategories&post=20152"},{"taxonomy":"post_tag","embeddable":true,"href":"https:\/\/obscom.intervozes.org.br\/index.php?rest_route=%2Fwp%2Fv2%2Ftags&post=20152"}],"curies":[{"name":"wp","href":"https:\/\/api.w.org\/{rel}","templated":true}]}}