{"id":20131,"date":"2007-12-21T18:13:57","date_gmt":"2007-12-21T18:13:57","guid":{"rendered":"https:\/\/obscom.intervozes.org.br\/wordpress\/?p=20131"},"modified":"2007-12-21T18:13:57","modified_gmt":"2007-12-21T18:13:57","slug":"pesquisador-defende-criacao-de-infovia-publica-para-banda-larga","status":"publish","type":"post","link":"https:\/\/obscom.intervozes.org.br\/?p=20131","title":{"rendered":"Pesquisador defende cria\u00e7\u00e3o de infovia p\u00fablica para banda larga"},"content":{"rendered":"<p>Na audi&ecirc;ncia p&uacute;blica para discutir novas metas para o Plano Geral de Metas de Universaliza&ccedil;&atilde;o (PGMU) da telefonia fixa, o representante do Terceiro Setor no Comit&ecirc; Gestor da Internet no Brasil, Gustavo Gindre, defendeu a troca de metas para universalizar a banda larga. Ele sugeriu a cria&ccedil;&atilde;o de uma infovia p&uacute;blica, que supere &quot;os gargalos provocados pelo monop&oacute;lio das redes&quot;.<\/p>\n<p>Gustavo Gindre ressaltou que, em 1997, j&aacute; era poss&iacute;vel prever que apenas a universaliza&ccedil;&atilde;o da telefonia fixa n&atilde;o resolveria os problemas brasileiros, pois, segundo ele, esse &eacute; um servi&ccedil;o em vias de extin&ccedil;&atilde;o. &quot;A universaliza&ccedil;&atilde;o passiva, isto &eacute;, apenas pelo mercado, &eacute; insuficiente num pa&iacute;s com tantas defici&ecirc;ncias quanto o Brasil&quot;, afirmou. &quot;&Eacute; o caso da TV por assinatura, cuja rede passa na porta da casa do cidad&atilde;o, mas ele n&atilde;o tem condi&ccedil;&otilde;es de pagar pelo servi&ccedil;o. &Eacute; considerado inclu&iacute;do, pois a infra-estrutura est&aacute; dispon&iacute;vel, mas &eacute; um exclu&iacute;do, na verdade&quot;, observou.<\/p>\n<p><strong>Inclus&atilde;o t&iacute;mida<\/p>\n<p><\/strong>Ele considerou a pol&iacute;tica de inclus&atilde;o digital do Governo Lula &quot;t&iacute;mida e fragmentada&quot;. Segundo ele, o debate sobre a universaliza&ccedil;&atilde;o da internet pode ter sido realizado em v&aacute;rias inst&acirc;ncias do Poder Executivo, mas n&atilde;o chegou &agrave; C&acirc;mara ou ao Comit&ecirc; Gestor, que inclui as entidades da sociedade civil e as universidades.<\/p>\n<p>Gindre questionou ainda o pouco tempo fornecido pela Ag&ecirc;ncia Nacional de Telecomunica&ccedil;&otilde;es (Anatel) para consulta p&uacute;blica sobre as mudan&ccedil;as das metas. Segundo ele, a consulta durou apenas sete dias &uacute;teis. Ele tamb&eacute;m criticou a &quot;timidez&quot; das exig&ecirc;ncias do projeto, pois as larguras m&iacute;nimas da banda sugeridas ser&atilde;o insuficientes para o uso da popula&ccedil;&atilde;o em cidades com mais de 60 mil pessoas. &quot;Apenas pouco mais de mil usu&aacute;rios conseguir&atilde;o utilizar o servi&ccedil;o ao mesmo tempo em cidades que poder&atilde;o ter 200 mil habitantes&quot;, criticou.<\/p>\n","protected":false},"excerpt":{"rendered":"<p>Na audi&ecirc;ncia p&uacute;blica para discutir novas metas para o Plano Geral de Metas de Universaliza&ccedil;&atilde;o (PGMU) da telefonia fixa, o representante do Terceiro Setor no Comit&ecirc; Gestor da Internet no Brasil, Gustavo Gindre, defendeu a troca de metas para universalizar a banda larga. Ele sugeriu a cria&ccedil;&atilde;o de uma infovia p&uacute;blica, que supere &quot;os gargalos &hellip; <a href=\"https:\/\/obscom.intervozes.org.br\/?p=20131\" class=\"more-link\">Continue lendo <span class=\"screen-reader-text\">Pesquisador defende cria\u00e7\u00e3o de infovia p\u00fablica para banda larga<\/span> <span class=\"meta-nav\">&rarr;<\/span><\/a><\/p>\n","protected":false},"author":1,"featured_media":0,"comment_status":"open","ping_status":"open","sticky":false,"template":"","format":"standard","meta":{"footnotes":""},"categories":[40],"tags":[197],"_links":{"self":[{"href":"https:\/\/obscom.intervozes.org.br\/index.php?rest_route=\/wp\/v2\/posts\/20131"}],"collection":[{"href":"https:\/\/obscom.intervozes.org.br\/index.php?rest_route=\/wp\/v2\/posts"}],"about":[{"href":"https:\/\/obscom.intervozes.org.br\/index.php?rest_route=\/wp\/v2\/types\/post"}],"author":[{"embeddable":true,"href":"https:\/\/obscom.intervozes.org.br\/index.php?rest_route=\/wp\/v2\/users\/1"}],"replies":[{"embeddable":true,"href":"https:\/\/obscom.intervozes.org.br\/index.php?rest_route=%2Fwp%2Fv2%2Fcomments&post=20131"}],"version-history":[{"count":0,"href":"https:\/\/obscom.intervozes.org.br\/index.php?rest_route=\/wp\/v2\/posts\/20131\/revisions"}],"wp:attachment":[{"href":"https:\/\/obscom.intervozes.org.br\/index.php?rest_route=%2Fwp%2Fv2%2Fmedia&parent=20131"}],"wp:term":[{"taxonomy":"category","embeddable":true,"href":"https:\/\/obscom.intervozes.org.br\/index.php?rest_route=%2Fwp%2Fv2%2Fcategories&post=20131"},{"taxonomy":"post_tag","embeddable":true,"href":"https:\/\/obscom.intervozes.org.br\/index.php?rest_route=%2Fwp%2Fv2%2Ftags&post=20131"}],"curies":[{"name":"wp","href":"https:\/\/api.w.org\/{rel}","templated":true}]}}