{"id":20127,"date":"2007-12-21T14:56:14","date_gmt":"2007-12-21T14:56:14","guid":{"rendered":"https:\/\/obscom.intervozes.org.br\/wordpress\/?p=20127"},"modified":"2007-12-21T14:56:14","modified_gmt":"2007-12-21T14:56:14","slug":"camara-aprova-concessao-de-radiodifusao-em-ms","status":"publish","type":"post","link":"https:\/\/obscom.intervozes.org.br\/?p=20127","title":{"rendered":"C\u00e2mara aprova concess\u00e3o de radiodifus\u00e3o em MS"},"content":{"rendered":"<p>A Comiss&atilde;o de Constitui&ccedil;&atilde;o e Justi&ccedil;a e de Cidadania (CCJ) aprovou na ter&ccedil;a-feira (18) um projeto de decreto legislativo que renova concess&atilde;o de servi&ccedil;os de radiodifus&atilde;o no Mato Grosso do Sul para a empresa de Radiodifus&atilde;o Karand&aacute; Ltda, no munic&iacute;pio de Navira&iacute;. A proposta da Comiss&atilde;o de Ci&ecirc;ncia e Tecnologia, Comunica&ccedil;&atilde;o e Inform&aacute;tica tramita em car&aacute;ter conclusivo e segue para o Senado.<\/p>\n<p>As informa&ccedil;&otilde;es s&atilde;o da Ag&ecirc;ncia C&acirc;mara<\/p>\n","protected":false},"excerpt":{"rendered":"<p>A Comiss&atilde;o de Constitui&ccedil;&atilde;o e Justi&ccedil;a e de Cidadania (CCJ) aprovou na ter&ccedil;a-feira (18) um projeto de decreto legislativo que renova concess&atilde;o de servi&ccedil;os de radiodifus&atilde;o no Mato Grosso do Sul para a empresa de Radiodifus&atilde;o Karand&aacute; Ltda, no munic&iacute;pio de Navira&iacute;. A proposta da Comiss&atilde;o de Ci&ecirc;ncia e Tecnologia, Comunica&ccedil;&atilde;o e Inform&aacute;tica tramita em &hellip; <a href=\"https:\/\/obscom.intervozes.org.br\/?p=20127\" class=\"more-link\">Continue lendo <span class=\"screen-reader-text\">C\u00e2mara aprova concess\u00e3o de radiodifus\u00e3o em MS<\/span> <span class=\"meta-nav\">&rarr;<\/span><\/a><\/p>\n","protected":false},"author":1,"featured_media":0,"comment_status":"open","ping_status":"open","sticky":false,"template":"","format":"standard","meta":{"footnotes":""},"categories":[39],"tags":[],"_links":{"self":[{"href":"https:\/\/obscom.intervozes.org.br\/index.php?rest_route=\/wp\/v2\/posts\/20127"}],"collection":[{"href":"https:\/\/obscom.intervozes.org.br\/index.php?rest_route=\/wp\/v2\/posts"}],"about":[{"href":"https:\/\/obscom.intervozes.org.br\/index.php?rest_route=\/wp\/v2\/types\/post"}],"author":[{"embeddable":true,"href":"https:\/\/obscom.intervozes.org.br\/index.php?rest_route=\/wp\/v2\/users\/1"}],"replies":[{"embeddable":true,"href":"https:\/\/obscom.intervozes.org.br\/index.php?rest_route=%2Fwp%2Fv2%2Fcomments&post=20127"}],"version-history":[{"count":0,"href":"https:\/\/obscom.intervozes.org.br\/index.php?rest_route=\/wp\/v2\/posts\/20127\/revisions"}],"wp:attachment":[{"href":"https:\/\/obscom.intervozes.org.br\/index.php?rest_route=%2Fwp%2Fv2%2Fmedia&parent=20127"}],"wp:term":[{"taxonomy":"category","embeddable":true,"href":"https:\/\/obscom.intervozes.org.br\/index.php?rest_route=%2Fwp%2Fv2%2Fcategories&post=20127"},{"taxonomy":"post_tag","embeddable":true,"href":"https:\/\/obscom.intervozes.org.br\/index.php?rest_route=%2Fwp%2Fv2%2Ftags&post=20127"}],"curies":[{"name":"wp","href":"https:\/\/api.w.org\/{rel}","templated":true}]}}