{"id":20126,"date":"2007-12-21T14:42:00","date_gmt":"2007-12-21T14:42:00","guid":{"rendered":"https:\/\/obscom.intervozes.org.br\/wordpress\/?p=20126"},"modified":"2007-12-21T14:42:00","modified_gmt":"2007-12-21T14:42:00","slug":"comissao-aprova-restricoes-para-propaganda-em-tv-e-radio","status":"publish","type":"post","link":"https:\/\/obscom.intervozes.org.br\/?p=20126","title":{"rendered":"Comiss\u00e3o aprova restri\u00e7\u00f5es para propaganda em TV e r\u00e1dio"},"content":{"rendered":"<p>A Comiss&atilde;o de Ci&ecirc;ncia e Tecnologia, Comunica&ccedil;&atilde;o e Inform&aacute;tica aprovou ontem projeto que pro&iacute;be as emissoras de r&aacute;dio e televis&atilde;o de veicular, nos hor&aacute;rios destinados ao p&uacute;blico infanto-juvenil, &quot;chamada de programa, inser&ccedil;&atilde;o publicit&aacute;ria ou merchandising com imagens, ilustra&ccedil;&otilde;es ou an&uacute;ncio de bebida alco&oacute;lica, tabaco, armas e muni&ccedil;&otilde;es, ou que desrespeitem os valores &eacute;ticos e sociais da pessoa e da fam&iacute;lia.<\/p>\n<p>O Projeto de Lei 29\/99, do deputado Paulo Rocha (PT-PA), foi aprovado nos termos do substitutivo apresentado pela relatora, deputada Maria do Carmo Lara (PT-MG), que inclui as disposi&ccedil;&otilde;es da proposta original no Estatuto da Crian&ccedil;a e do Adolescente (ECA &#8211; Lei 8.069\/90), em vez de propor lei aut&ocirc;noma sobre o assunto.<\/p>\n<p>Assim, o substitutivo acrescenta um par&aacute;grafo ao artigo 86 do ECA, que obriga as emissoras de r&aacute;dio e televis&atilde;o a exibir, no hor&aacute;rio recomendado para o p&uacute;blico infanto-juvenil, programas com finalidades educativas, art&iacute;sticas, culturais e informativas.<\/p>\n<p>Pelo texto aprovado, quem descumprir a regra fica sujeito &agrave;s multas previstas no estatuto, que variam de 20 a 100 sal&aacute;rios m&iacute;nimos e podem ser duplicadas em caso de reincid&ecirc;ncia. Al&eacute;m disso, a Justi&ccedil;a poder&aacute; determinar a suspens&atilde;o da programa&ccedil;&atilde;o da emissora por at&eacute; dois dias.<\/p>\n<p>Para a relatora, a proposta &eacute; importante porque o conte&uacute;do de certas inser&ccedil;&otilde;es publicit&aacute;rias &eacute; extremamente agressivo, com cenas de viol&ecirc;ncia e de sensualidade inadequadas para o p&uacute;blico jovem. &quot;Esse projeto traz uma reflex&atilde;o de como os meios de comunica&ccedil;&atilde;o, que s&atilde;o importantes na sociedade, podem ajudar mas tamb&eacute;m atrapalhar a forma&ccedil;&atilde;o dos adolescentes. A proposta estabelece limites, regras mais r&iacute;gidas, para evitar que nossas crian&ccedil;as e adolescentes fiquem expostos&quot;, disse a relatora.<\/p>\n<p><strong>Tramita&ccedil;&atilde;o<\/p>\n<p><\/strong>O projeto tramita em car&aacute;ter conclusivo e ainda ser&aacute; analisado pelas comiss&otilde;es de Seguridade Social e Fam&iacute;lia; e de Constitui&ccedil;&atilde;o e Justi&ccedil;a e de Cidadania. <\/p>\n","protected":false},"excerpt":{"rendered":"<p>A Comiss&atilde;o de Ci&ecirc;ncia e Tecnologia, Comunica&ccedil;&atilde;o e Inform&aacute;tica aprovou ontem projeto que pro&iacute;be as emissoras de r&aacute;dio e televis&atilde;o de veicular, nos hor&aacute;rios destinados ao p&uacute;blico infanto-juvenil, &quot;chamada de programa, inser&ccedil;&atilde;o publicit&aacute;ria ou merchandising com imagens, ilustra&ccedil;&otilde;es ou an&uacute;ncio de bebida alco&oacute;lica, tabaco, armas e muni&ccedil;&otilde;es, ou que desrespeitem os valores &eacute;ticos e sociais &hellip; <a href=\"https:\/\/obscom.intervozes.org.br\/?p=20126\" class=\"more-link\">Continue lendo <span class=\"screen-reader-text\">Comiss\u00e3o aprova restri\u00e7\u00f5es para propaganda em TV e r\u00e1dio<\/span> <span class=\"meta-nav\">&rarr;<\/span><\/a><\/p>\n","protected":false},"author":1,"featured_media":0,"comment_status":"open","ping_status":"open","sticky":false,"template":"","format":"standard","meta":{"footnotes":""},"categories":[40],"tags":[393],"_links":{"self":[{"href":"https:\/\/obscom.intervozes.org.br\/index.php?rest_route=\/wp\/v2\/posts\/20126"}],"collection":[{"href":"https:\/\/obscom.intervozes.org.br\/index.php?rest_route=\/wp\/v2\/posts"}],"about":[{"href":"https:\/\/obscom.intervozes.org.br\/index.php?rest_route=\/wp\/v2\/types\/post"}],"author":[{"embeddable":true,"href":"https:\/\/obscom.intervozes.org.br\/index.php?rest_route=\/wp\/v2\/users\/1"}],"replies":[{"embeddable":true,"href":"https:\/\/obscom.intervozes.org.br\/index.php?rest_route=%2Fwp%2Fv2%2Fcomments&post=20126"}],"version-history":[{"count":0,"href":"https:\/\/obscom.intervozes.org.br\/index.php?rest_route=\/wp\/v2\/posts\/20126\/revisions"}],"wp:attachment":[{"href":"https:\/\/obscom.intervozes.org.br\/index.php?rest_route=%2Fwp%2Fv2%2Fmedia&parent=20126"}],"wp:term":[{"taxonomy":"category","embeddable":true,"href":"https:\/\/obscom.intervozes.org.br\/index.php?rest_route=%2Fwp%2Fv2%2Fcategories&post=20126"},{"taxonomy":"post_tag","embeddable":true,"href":"https:\/\/obscom.intervozes.org.br\/index.php?rest_route=%2Fwp%2Fv2%2Ftags&post=20126"}],"curies":[{"name":"wp","href":"https:\/\/api.w.org\/{rel}","templated":true}]}}