{"id":20125,"date":"2007-12-21T14:40:15","date_gmt":"2007-12-21T14:40:15","guid":{"rendered":"https:\/\/obscom.intervozes.org.br\/wordpress\/?p=20125"},"modified":"2007-12-21T14:40:15","modified_gmt":"2007-12-21T14:40:15","slug":"helio-costa-vai-ao-chile-pedir-analise-do-padrao-brasileiro","status":"publish","type":"post","link":"https:\/\/obscom.intervozes.org.br\/?p=20125","title":{"rendered":"H\u00e9lio Costa vai ao Chile pedir an\u00e1lise do padr\u00e3o brasileiro"},"content":{"rendered":"<p>H&eacute;lio Costa, ministro das Comunica&ccedil;&otilde;es, fez uma r&aacute;pida viagem de 24 horas ao Chile para tentar impedir que aquele pa&iacute;s anunciasse o seu padr&atilde;o de TV digital ainda este ano. Segundo o ministro, ele conseguiu convencer as autoridades chilenas a postergarem o an&uacute;ncio at&eacute; mar&ccedil;o e, enquanto isso, estudarem o padr&atilde;o de TV digital adotado pelo Brasil. &quot;Eles estavam propensos ao ATSC, depois estudaram o DVB e agora querem estudar o nosso padr&atilde;o&quot;, disse Costa. Ele disse que conversas com a Col&ocirc;mbia tamb&eacute;m est&atilde;o adiantadas para a ado&ccedil;&atilde;o do padr&atilde;o brasileiro. &quot;&Eacute; importante ter na Am&eacute;rica Latina outros pa&iacute;ses com a nossa tecnologia&quot;.<\/p>\n<p><strong>S&atilde;o Paulo liberado<\/p>\n<p><\/strong>O ministro disse ainda que deve levar ao Comit&ecirc; de Desenvolvimento da TV Digital a proposta para que o Estado de S&atilde;o Paulo, j&aacute; em 2008, esteja totalmente liberado para a implanta&ccedil;&atilde;o da TV digital por parte das emissoras que assim o quiserem. Ele explicou que j&aacute; est&aacute; acontecendo um problema decorrente dos diferentes cronogramas de implanta&ccedil;&atilde;o que &eacute; o fato de que cidades adjacentes a S&atilde;o Paulo estarem captando o sinal digital da capital. &quot;Isso mostra como o padr&atilde;o &eacute; robusto, mas cria um problema comercial para as emissoras, por isso precisamos acelerar a ado&ccedil;&atilde;o em todo o Estado&quot;.<\/p>\n<p>Na pr&oacute;xima semana, dia 27, o Minist&eacute;rio das Comunica&ccedil;&otilde;es deve assinar a consigna&ccedil;&atilde;o de canais digitais &agrave;s emissoras de Minas Gerais. Com isso, as emissoras da capital mineira poder&atilde;o iniciar os testes j&aacute; em fevereiro. <\/p>\n","protected":false},"excerpt":{"rendered":"<p>H&eacute;lio Costa, ministro das Comunica&ccedil;&otilde;es, fez uma r&aacute;pida viagem de 24 horas ao Chile para tentar impedir que aquele pa&iacute;s anunciasse o seu padr&atilde;o de TV digital ainda este ano. Segundo o ministro, ele conseguiu convencer as autoridades chilenas a postergarem o an&uacute;ncio at&eacute; mar&ccedil;o e, enquanto isso, estudarem o padr&atilde;o de TV digital adotado &hellip; <a href=\"https:\/\/obscom.intervozes.org.br\/?p=20125\" class=\"more-link\">Continue lendo <span class=\"screen-reader-text\">H\u00e9lio Costa vai ao Chile pedir an\u00e1lise do padr\u00e3o brasileiro<\/span> <span class=\"meta-nav\">&rarr;<\/span><\/a><\/p>\n","protected":false},"author":1,"featured_media":0,"comment_status":"open","ping_status":"open","sticky":false,"template":"","format":"standard","meta":{"footnotes":""},"categories":[40],"tags":[79],"_links":{"self":[{"href":"https:\/\/obscom.intervozes.org.br\/index.php?rest_route=\/wp\/v2\/posts\/20125"}],"collection":[{"href":"https:\/\/obscom.intervozes.org.br\/index.php?rest_route=\/wp\/v2\/posts"}],"about":[{"href":"https:\/\/obscom.intervozes.org.br\/index.php?rest_route=\/wp\/v2\/types\/post"}],"author":[{"embeddable":true,"href":"https:\/\/obscom.intervozes.org.br\/index.php?rest_route=\/wp\/v2\/users\/1"}],"replies":[{"embeddable":true,"href":"https:\/\/obscom.intervozes.org.br\/index.php?rest_route=%2Fwp%2Fv2%2Fcomments&post=20125"}],"version-history":[{"count":0,"href":"https:\/\/obscom.intervozes.org.br\/index.php?rest_route=\/wp\/v2\/posts\/20125\/revisions"}],"wp:attachment":[{"href":"https:\/\/obscom.intervozes.org.br\/index.php?rest_route=%2Fwp%2Fv2%2Fmedia&parent=20125"}],"wp:term":[{"taxonomy":"category","embeddable":true,"href":"https:\/\/obscom.intervozes.org.br\/index.php?rest_route=%2Fwp%2Fv2%2Fcategories&post=20125"},{"taxonomy":"post_tag","embeddable":true,"href":"https:\/\/obscom.intervozes.org.br\/index.php?rest_route=%2Fwp%2Fv2%2Ftags&post=20125"}],"curies":[{"name":"wp","href":"https:\/\/api.w.org\/{rel}","templated":true}]}}