{"id":20123,"date":"2007-12-20T17:16:46","date_gmt":"2007-12-20T17:16:46","guid":{"rendered":"https:\/\/obscom.intervozes.org.br\/wordpress\/?p=20123"},"modified":"2007-12-20T17:16:46","modified_gmt":"2007-12-20T17:16:46","slug":"onu-e-oea-pedem-diversidade-na-radiodifusao","status":"publish","type":"post","link":"https:\/\/obscom.intervozes.org.br\/?p=20123","title":{"rendered":"ONU e OEA pedem diversidade na radiodifus\u00e3o"},"content":{"rendered":"<p style=\"margin: 0cm 0cm 0pt\" class=\"MsoNormal\"><span>Quatro dos mais importantes relatores especiais internacionais para a liberdade de express&atilde;o &#8211; o relator especial da ONU para a Liberdade de Opini&atilde;o e Express&atilde;o, o representante da Organiza&ccedil;&atilde;o para a Seguran&ccedil;a e Coopera&ccedil;&atilde;o na Europa (OSCE) para a Liberdade dos Meios de Comunica&ccedil;&atilde;o, o relator especial da OEA para a Liberdade de &nbsp;Express&atilde;o e o relator especial da Comiss&atilde;o Africana dos Direitos Humanos e dos Povos para a Liberdade de Express&atilde;o e Acesso &agrave; Informa&ccedil;&atilde;o &ndash; divulgaram na &uacute;ltima semana uma declara&ccedil;&atilde;o conjunta sobre a quest&atilde;o da diversidade na radiodifus&atilde;o (r&aacute;dio e TV).&nbsp;&nbsp;<\/p>\n<p><\/span><span>Segundo a declara&ccedil;&atilde;o, as ferramentas de regulamenta&ccedil;&atilde;o interna dos pa&iacute;ses correm o risco de serem desrespeitadas se aplicadas de forma n&atilde;o transparente e por institui&ccedil;&otilde;es que n&atilde;o tenham independ&ecirc;ncia do governo ou de interesses comerciais. O texto dos relatores aponta a necessidade de medidas para promover tr&ecirc;s tipos diferentes de diversidade: a diversidade de meios (tipos de ve&iacute;culos de comunica&ccedil;&atilde;o), a diversidade de fontes (propriedade dos meios) e a diversidade de conte&uacute;do (informa&ccedil;&otilde;es divulgadas pelos meios). A declara&ccedil;&atilde;o tamb&eacute;m faz um apelo para as seguintes a&ccedil;&otilde;es: <\/p>\n<p><\/span><span>*&nbsp;Realiza&ccedil;&atilde;o de esfor&ccedil;os amplos de educa&ccedil;&atilde;o p&uacute;blica para promover a alfabetiza&ccedil;&atilde;o midi&aacute;tica (a capacidade de compreender as not&iacute;cias de forma cr&iacute;tica) e para ajudar a reduzir a exclus&atilde;o digital;<\/span><\/p>\n<p><span>&nbsp;<\/span> <\/p>\n<p style=\"margin: 0cm 0cm 0pt\" class=\"MsoNormal\"><span>*&nbsp;Aloca&ccedil;&atilde;o de freq&uuml;&ecirc;ncias suficientes para a radiodifus&atilde;o &#8211; incluindo freq&uuml;&ecirc;ncias liberadas como parte dos esfor&ccedil;os digitais &#8211; e a distribui&ccedil;&atilde;o equ&acirc;nime dessas freq&uuml;&ecirc;ncias para radiodifusores comerciais, p&uacute;blicos e comunit&aacute;rios;<\/span><\/p>\n<p><span>&nbsp;<\/span> <\/p>\n<p style=\"margin: 0cm 0cm 0pt\" class=\"MsoNormal\"><span>*&nbsp;Implementa&ccedil;&atilde;o de medidas especiais para promover e proteger servi&ccedil;os de radiodifus&atilde;o p&uacute;blica e comunit&aacute;ria;<\/span><\/p>\n<p><span>&nbsp;<\/span> <\/p>\n<p style=\"margin: 0cm 0cm 0pt\" class=\"MsoNormal\"><span>*&nbsp;Desenvolvimento de medidas anti-monop&oacute;lio aplicadas de forma transparente e com monitoramento ativo, por institui&ccedil;&otilde;es com poderes adequados de &nbsp;implementa&ccedil;&atilde;o;<\/span><\/p>\n<p><span>&nbsp;<\/span> <\/p>\n<p style=\"margin: 0cm 0cm 0pt\" class=\"MsoNormal\"><span>*&nbsp;Uso de ferramentas de pol&iacute;ticas p&uacute;blicas para promover a diversidade de conte&uacute;do nos ve&iacute;culos de comunica&ccedil;&atilde;o e entre os diferentes tipos de ve&iacute;culos;<br \/><\/span><span><br \/><\/span><span>* Apoio a medidas, aplicadas de forma objetiva e n&atilde;o discriminat&oacute;ria, para o estabelecimento de novos meios de comunica&ccedil;&atilde;o e para a produ&ccedil;&atilde;o de conte&uacute;do que contribua para a diversidade.<\/p>\n<p><\/span><span>O encontro anual dos relatores especiais para a liberdade de express&atilde;o <\/span><span>ocorre desde de 1999 a partir de uma iniciativa da Article 19, organiza&ccedil;&atilde;o n&atilde;o governamental com sede no Reino Unido. Desde ent&atilde;o, os relatores se encontram periodicamente e divulgam uma declara&ccedil;&atilde;o conjunta a cada ano, sendo esta a nona declara&ccedil;&atilde;o.&nbsp;<\/p>\n<p><\/span><span>* A &iacute;ntegra da declara&ccedil;&atilde;o est&aacute; dispon&iacute;vel em <a href=\"http:\/\/www.article19.org\/pdfs\/publications\/mandates-broadcasting.pdf\">http:\/\/www.article19.org\/pdfs\/publications\/mandates-broadcasting.pdf<\/a><\/span><\/p>\n","protected":false},"excerpt":{"rendered":"<p>Quatro relatores internacionais para a liberdade de express\u00e3o divulgam declara\u00e7\u00e3o conjunta em que apontam a necessidade de se garantir a diversidade de conte\u00fados e de propriedade na radiodifus\u00e3o.<\/p>\n","protected":false},"author":1,"featured_media":0,"comment_status":"open","ping_status":"open","sticky":false,"template":"","format":"standard","meta":{"footnotes":""},"categories":[40],"tags":[90],"_links":{"self":[{"href":"https:\/\/obscom.intervozes.org.br\/index.php?rest_route=\/wp\/v2\/posts\/20123"}],"collection":[{"href":"https:\/\/obscom.intervozes.org.br\/index.php?rest_route=\/wp\/v2\/posts"}],"about":[{"href":"https:\/\/obscom.intervozes.org.br\/index.php?rest_route=\/wp\/v2\/types\/post"}],"author":[{"embeddable":true,"href":"https:\/\/obscom.intervozes.org.br\/index.php?rest_route=\/wp\/v2\/users\/1"}],"replies":[{"embeddable":true,"href":"https:\/\/obscom.intervozes.org.br\/index.php?rest_route=%2Fwp%2Fv2%2Fcomments&post=20123"}],"version-history":[{"count":0,"href":"https:\/\/obscom.intervozes.org.br\/index.php?rest_route=\/wp\/v2\/posts\/20123\/revisions"}],"wp:attachment":[{"href":"https:\/\/obscom.intervozes.org.br\/index.php?rest_route=%2Fwp%2Fv2%2Fmedia&parent=20123"}],"wp:term":[{"taxonomy":"category","embeddable":true,"href":"https:\/\/obscom.intervozes.org.br\/index.php?rest_route=%2Fwp%2Fv2%2Fcategories&post=20123"},{"taxonomy":"post_tag","embeddable":true,"href":"https:\/\/obscom.intervozes.org.br\/index.php?rest_route=%2Fwp%2Fv2%2Ftags&post=20123"}],"curies":[{"name":"wp","href":"https:\/\/api.w.org\/{rel}","templated":true}]}}