{"id":20122,"date":"2007-12-20T16:38:29","date_gmt":"2007-12-20T16:38:29","guid":{"rendered":"https:\/\/obscom.intervozes.org.br\/wordpress\/?p=20122"},"modified":"2007-12-20T16:38:29","modified_gmt":"2007-12-20T16:38:29","slug":"mpf-quer-vetar-renovacao-de-concessoes-de-emissoras-com-debito-fiscal","status":"publish","type":"post","link":"https:\/\/obscom.intervozes.org.br\/?p=20122","title":{"rendered":"MPF quer vetar renova\u00e7\u00e3o de concess\u00f5es de emissoras com d\u00e9bito fiscal"},"content":{"rendered":"<p>O Minist&eacute;rio P&uacute;blico Federal no Distrito Federal (MPF\/DF) enviou recomenda&ccedil;&atilde;o ao ministro das Comunica&ccedil;&otilde;es, H&eacute;lio Costa, para que aprecie em 120 dias os processos de renova&ccedil;&atilde;o de concess&atilde;o de quatro emissoras de TV que apresentam pend&ecirc;ncias fiscais. Segundo o MPF, as emissoras n&atilde;o cumprem os requisitos legais para explorar os servi&ccedil;os de radiodifus&atilde;o e n&atilde;o devem ter as concess&otilde;es renovadas.<\/p>\n<p>Entre as empresas em d&eacute;bito com o fisco est&atilde;o as emissoras Sampaio R&aacute;dio e Televis&atilde;o, de Alagoas; Televis&atilde;o Cabo Branco, da Para&iacute;ba; R&aacute;dio Not&iacute;cias de Americana e Sistema Jornal de R&aacute;dio de S&atilde;o Paulo, ambas de S&atilde;o Paulo. <\/p>\n<p>De acordo com o C&oacute;digo Brasileiro de Telecomunica&ccedil;&otilde;es, as concess&otilde;es de r&aacute;dio e TV s&oacute; podem ser renovadas se as empresas concession&aacute;rias estiverem em dia com suas obriga&ccedil;&otilde;es legais e contratuais, e comprovarem sua idoneidade t&eacute;cnica, financeira e moral. Caso isso n&atilde;o ocorra, uma nova licita&ccedil;&atilde;o deve ser realizada. &quot;N&atilde;o se pode tolerar que uma concession&aacute;ria de servi&ccedil;o p&uacute;blico, reiteradamente, promova a sonega&ccedil;&atilde;o de tributos, da mesma forma que n&atilde;o se pode admitir que a Uni&atilde;o deixe de adotar provid&ecirc;ncias para tornar sem efeito a concess&atilde;o&quot;, afirma o procurador da Rep&uacute;blica R&ocirc;mulo Moreira Conrado, autor da recomenda&ccedil;&atilde;o. <\/p>\n<p><strong>Problema antigo <br \/><\/strong><br \/>Dados da Receita Federal confirmam que n&atilde;o se trata de uma situa&ccedil;&atilde;o transit&oacute;ria de inadimplemento fiscal. As investiga&ccedil;&otilde;es apontam para uma permanente sonega&ccedil;&atilde;o de tributos por parte dessas empresas, inclusive com d&iacute;vidas referentes a fatos ocorridos h&aacute; mais de dez anos. <\/p>\n<p>O Minist&eacute;rio das Comunica&ccedil;&otilde;es tem 120 dias, contados a partir do recebimento da recomenda&ccedil;&atilde;o, para apreciar os processos de renova&ccedil;&atilde;o e encaminh&aacute;-los &agrave; C&acirc;mara dos Deputados. O documento ser&aacute; encaminhado ao ministro H&eacute;lio Costa pelo procurador-geral da Rep&uacute;blica (PGR), Antonio Fernando Souza, como prev&ecirc; a Lei Complementar 75\/93.<\/p>\n","protected":false},"excerpt":{"rendered":"<p>O Minist&eacute;rio P&uacute;blico Federal no Distrito Federal (MPF\/DF) enviou recomenda&ccedil;&atilde;o ao ministro das Comunica&ccedil;&otilde;es, H&eacute;lio Costa, para que aprecie em 120 dias os processos de renova&ccedil;&atilde;o de concess&atilde;o de quatro emissoras de TV que apresentam pend&ecirc;ncias fiscais. Segundo o MPF, as emissoras n&atilde;o cumprem os requisitos legais para explorar os servi&ccedil;os de radiodifus&atilde;o e n&atilde;o &hellip; <a href=\"https:\/\/obscom.intervozes.org.br\/?p=20122\" class=\"more-link\">Continue lendo <span class=\"screen-reader-text\">MPF quer vetar renova\u00e7\u00e3o de concess\u00f5es de emissoras com d\u00e9bito fiscal<\/span> <span class=\"meta-nav\">&rarr;<\/span><\/a><\/p>\n","protected":false},"author":1,"featured_media":0,"comment_status":"open","ping_status":"open","sticky":false,"template":"","format":"standard","meta":{"footnotes":""},"categories":[40],"tags":[230],"_links":{"self":[{"href":"https:\/\/obscom.intervozes.org.br\/index.php?rest_route=\/wp\/v2\/posts\/20122"}],"collection":[{"href":"https:\/\/obscom.intervozes.org.br\/index.php?rest_route=\/wp\/v2\/posts"}],"about":[{"href":"https:\/\/obscom.intervozes.org.br\/index.php?rest_route=\/wp\/v2\/types\/post"}],"author":[{"embeddable":true,"href":"https:\/\/obscom.intervozes.org.br\/index.php?rest_route=\/wp\/v2\/users\/1"}],"replies":[{"embeddable":true,"href":"https:\/\/obscom.intervozes.org.br\/index.php?rest_route=%2Fwp%2Fv2%2Fcomments&post=20122"}],"version-history":[{"count":0,"href":"https:\/\/obscom.intervozes.org.br\/index.php?rest_route=\/wp\/v2\/posts\/20122\/revisions"}],"wp:attachment":[{"href":"https:\/\/obscom.intervozes.org.br\/index.php?rest_route=%2Fwp%2Fv2%2Fmedia&parent=20122"}],"wp:term":[{"taxonomy":"category","embeddable":true,"href":"https:\/\/obscom.intervozes.org.br\/index.php?rest_route=%2Fwp%2Fv2%2Fcategories&post=20122"},{"taxonomy":"post_tag","embeddable":true,"href":"https:\/\/obscom.intervozes.org.br\/index.php?rest_route=%2Fwp%2Fv2%2Ftags&post=20122"}],"curies":[{"name":"wp","href":"https:\/\/api.w.org\/{rel}","templated":true}]}}