{"id":20121,"date":"2007-12-20T15:48:14","date_gmt":"2007-12-20T15:48:14","guid":{"rendered":"https:\/\/obscom.intervozes.org.br\/wordpress\/?p=20121"},"modified":"2007-12-20T15:48:14","modified_gmt":"2007-12-20T15:48:14","slug":"governo-fecha-acordo-e-escolas-publicas-urbanas-terao-acesso-a-internet-ate-2025","status":"publish","type":"post","link":"https:\/\/obscom.intervozes.org.br\/?p=20121","title":{"rendered":"Governo fecha acordo e escolas p\u00fablicas urbanas ter\u00e3o acesso \u00e0 internet at\u00e9 2025"},"content":{"rendered":"<p><span>O governo federal conseguiu o que queria e vai ter de gra&ccedil;a acesso banda larga nas escolas urbanas brasileiras por muitos anos. Na reuni&atilde;o de hoje com os presidentes das tr&ecirc;s concession&aacute;rias locais &ndash; Ricardo Knolpfelmacher, da Brasil Telecom; Luiz Eduardo Falco, da Oi; e Antonio Carlos Valente, da Telef&ocirc;nica &ndash; foi selado o acordo da oferta de gratuidade de acesso banda larga &agrave;s 55 mil escolas p&uacute;blicas urbanas para at&eacute; 2025 em troca da mudan&ccedil;a das metas de universaliza&ccedil;&atilde;o dos postos telef&ocirc;nicos pela constru&ccedil;&atilde;o do backhaul (estrada estadual de banda larga).<\/p>\n<p><\/span><span>O governo pretende anunciar os termos do acordo em grande solenidade no Pal&aacute;cio do Planalto, e, por isso, foi decretada a lei do sil&ecirc;ncio para todos os envolvidos na negocia&ccedil;&atilde;o. <\/p>\n<p><\/span><span><strong>Anatel<\/p>\n<p><\/strong><\/span><span>Com a conclus&atilde;o da negocia&ccedil;&atilde;o , a Anatel dever&aacute; aprovar, amanh&atilde;, o novo Plano de Metas de Universaliza&ccedil;&atilde;o (PGMU) que ir&aacute; substituir o plano de metas estabelecido na renova&ccedil;&atilde;o dos contratos de concess&atilde;o, em 2005. Nesse documento, a gratuidade do acesso &agrave;s escolas n&atilde;o estar&aacute; prevista, pois a ag&ecirc;ncia s&oacute; pode regular a troca dos postos de servi&ccedil;os telef&ocirc;nicos pela constru&ccedil;&atilde;o do backhaul. <\/p>\n<p><\/span><span>Ap&oacute;s a aprova&ccedil;&atilde;o do novo PGMU pela Anatel, o presidente Lula publica o decreto com as novas metas alternativas. Quando, ent&atilde;o, as concession&aacute;rias passam, a partir de 1 de janeiro, a construir essa rede de banda larga, ao mesmo tempo em que come&ccedil;am a conectar as escolas p&uacute;blicas nacionais.&nbsp;&nbsp; <\/span><\/p>\n","protected":false},"excerpt":{"rendered":"<p>O governo federal conseguiu o que queria e vai ter de gra&ccedil;a acesso banda larga nas escolas urbanas brasileiras por muitos anos. Na reuni&atilde;o de hoje com os presidentes das tr&ecirc;s concession&aacute;rias locais &ndash; Ricardo Knolpfelmacher, da Brasil Telecom; Luiz Eduardo Falco, da Oi; e Antonio Carlos Valente, da Telef&ocirc;nica &ndash; foi selado o acordo &hellip; <a href=\"https:\/\/obscom.intervozes.org.br\/?p=20121\" class=\"more-link\">Continue lendo <span class=\"screen-reader-text\">Governo fecha acordo e escolas p\u00fablicas urbanas ter\u00e3o acesso \u00e0 internet at\u00e9 2025<\/span> <span class=\"meta-nav\">&rarr;<\/span><\/a><\/p>\n","protected":false},"author":1,"featured_media":0,"comment_status":"open","ping_status":"open","sticky":false,"template":"","format":"standard","meta":{"footnotes":""},"categories":[40],"tags":[389],"_links":{"self":[{"href":"https:\/\/obscom.intervozes.org.br\/index.php?rest_route=\/wp\/v2\/posts\/20121"}],"collection":[{"href":"https:\/\/obscom.intervozes.org.br\/index.php?rest_route=\/wp\/v2\/posts"}],"about":[{"href":"https:\/\/obscom.intervozes.org.br\/index.php?rest_route=\/wp\/v2\/types\/post"}],"author":[{"embeddable":true,"href":"https:\/\/obscom.intervozes.org.br\/index.php?rest_route=\/wp\/v2\/users\/1"}],"replies":[{"embeddable":true,"href":"https:\/\/obscom.intervozes.org.br\/index.php?rest_route=%2Fwp%2Fv2%2Fcomments&post=20121"}],"version-history":[{"count":0,"href":"https:\/\/obscom.intervozes.org.br\/index.php?rest_route=\/wp\/v2\/posts\/20121\/revisions"}],"wp:attachment":[{"href":"https:\/\/obscom.intervozes.org.br\/index.php?rest_route=%2Fwp%2Fv2%2Fmedia&parent=20121"}],"wp:term":[{"taxonomy":"category","embeddable":true,"href":"https:\/\/obscom.intervozes.org.br\/index.php?rest_route=%2Fwp%2Fv2%2Fcategories&post=20121"},{"taxonomy":"post_tag","embeddable":true,"href":"https:\/\/obscom.intervozes.org.br\/index.php?rest_route=%2Fwp%2Fv2%2Ftags&post=20121"}],"curies":[{"name":"wp","href":"https:\/\/api.w.org\/{rel}","templated":true}]}}