{"id":20120,"date":"2007-12-20T15:38:36","date_gmt":"2007-12-20T15:38:36","guid":{"rendered":"https:\/\/obscom.intervozes.org.br\/wordpress\/?p=20120"},"modified":"2007-12-20T15:38:36","modified_gmt":"2007-12-20T15:38:36","slug":"cineastas-pedem-aumento-da-exibicao-obrigatoria-de-filmes-brasileiros","status":"publish","type":"post","link":"https:\/\/obscom.intervozes.org.br\/?p=20120","title":{"rendered":"Cineastas pedem aumento da exibi\u00e7\u00e3o obrigat\u00f3ria de filmes brasileiros"},"content":{"rendered":"<p>O governo decide, nos pr&oacute;ximos dias, qual ser&aacute; a reserva de mercado para o filme brasileiro em 2008. A cota de tela &#8211; n&uacute;mero de dias de exibi&ccedil;&atilde;o obrigat&oacute;ria de filmes brasileiros nas salas comerciais &#8211; &eacute; fixada por decreto, a cada ano. <\/p>\n<p>O mecanismo visa a proteger a produ&ccedil;&atilde;o nacional do que seria uma competi&ccedil;&atilde;o desigual, em seu pr&oacute;prio territ&oacute;rio, com o produto estrangeiro hegem&ocirc;nico &#8211; os filmes de Hollywood. <\/p>\n<p>Os cineastas pedem aumento de 15% em rela&ccedil;&atilde;o &agrave; cota de 2007, que &eacute; de 28 dias de exibi&ccedil;&atilde;o de filmes brasileiros para salas individuais. A cifra sobe no caso dos complexos. Conjuntos de nove salas t&ecirc;m cota de 52 dias para cada uma. <\/p>\n<p>O argumento dos exibidores [propriet&aacute;rios de cinema] para n&atilde;o aumentar a cota de tela sempre foi o de que n&atilde;o havia produ&ccedil;&atilde;o suficiente de filmes brasileiros. Agora h&aacute;&#39;, diz &Iacute;caro Martins, presidente da Apaci (Associa&ccedil;&atilde;o Paulista de Cineastas), que requereu o aumento da cota de tela em reuni&atilde;o na Ancine (Ag&ecirc;ncia Nacional do Cinema), que regula o setor. <\/p>\n<p>O total de t&iacute;tulos brasileiros lan&ccedil;ados neste ano dever&aacute; chegar a 82, com as estr&eacute;ias previstas at&eacute; o pr&oacute;ximo dia 25. <\/p>\n<p><strong>P&uacute;blico <\/p>\n<p><\/strong>O p&uacute;blico dos filmes nacionais cresceu 11% em rela&ccedil;&atilde;o a 2006 (at&eacute; o m&ecirc;s de novembro), enquanto os filmes estrangeiros registraram queda de 6,3% no mesmo per&iacute;odo, segundo dados da empresa Filme B, especializada nesse mercado. O resultado demonstra recupera&ccedil;&atilde;o da performance dos filmes brasileiros em rela&ccedil;&atilde;o ao primeiro semestre, que registrou tend&ecirc;ncia de queda. <\/p>\n<p>Colaborou para isso o fen&ocirc;meno &#39;Tropa de Elite&#39;, de Jos&eacute; Padilha, que foi lan&ccedil;ado em outubro e se tornou l&iacute;der do ano entre os t&iacute;tulos nacionais, com 2,4 milh&otilde;es de espectadores. Enquanto os cineastas pediram aumento da cota de tela, os exibidores, tamb&eacute;m ouvidos pela Ancine, pediram sua redu&ccedil;&atilde;o. Os propriet&aacute;rios das salas comerciais argumentam que o aumento do n&uacute;mero geral de t&iacute;tulos brasileiros produzidos n&atilde;o corresponde ao incremento do volume de t&iacute;tulos combom desempenho de p&uacute;blico. <\/p>\n<p>&#39;O filme nacional tem uma performance muito inconsistente. Nos &uacute;ltimos anos, o resultado sempre se baseou no desempenho de dois ou tr&ecirc;s filmes. A cota de tela est&aacute; sendo cumprida &agrave; custa de passarmos filmes em sess&otilde;es vazias&#39;, afirma Marcelo Bertini, presidente da Cinemark, a maior cadeia de cinemas do pa&iacute;s.<\/p>\n<p>O governo determina um n&uacute;mero m&iacute;nimo de t&iacute;tulos com o qual a cota de tela deva ser cumprida &#8211; dois filmes para salas individuais e 11 t&iacute;tulos para complexos acima de 11 salas. Ap&oacute;s debater com o setor, a Ancine encaminhou ao Minist&eacute;rio da Cultura proposta de decreto com a cota de 2008. <\/p>\n<p>A ag&ecirc;ncia afirmou, por meio de sua assessoria de imprensa, que &#39;somente se pronunciar&aacute; sobre o tema ap&oacute;s a publica&ccedil;&atilde;o do decreto presidencial&#39;. <\/p>\n","protected":false},"excerpt":{"rendered":"<p>O governo decide, nos pr&oacute;ximos dias, qual ser&aacute; a reserva de mercado para o filme brasileiro em 2008. A cota de tela &#8211; n&uacute;mero de dias de exibi&ccedil;&atilde;o obrigat&oacute;ria de filmes brasileiros nas salas comerciais &#8211; &eacute; fixada por decreto, a cada ano. O mecanismo visa a proteger a produ&ccedil;&atilde;o nacional do que seria uma &hellip; <a href=\"https:\/\/obscom.intervozes.org.br\/?p=20120\" class=\"more-link\">Continue lendo <span class=\"screen-reader-text\">Cineastas pedem aumento da exibi\u00e7\u00e3o obrigat\u00f3ria de filmes brasileiros<\/span> <span class=\"meta-nav\">&rarr;<\/span><\/a><\/p>\n","protected":false},"author":1,"featured_media":0,"comment_status":"open","ping_status":"open","sticky":false,"template":"","format":"standard","meta":{"footnotes":""},"categories":[40],"tags":[586],"_links":{"self":[{"href":"https:\/\/obscom.intervozes.org.br\/index.php?rest_route=\/wp\/v2\/posts\/20120"}],"collection":[{"href":"https:\/\/obscom.intervozes.org.br\/index.php?rest_route=\/wp\/v2\/posts"}],"about":[{"href":"https:\/\/obscom.intervozes.org.br\/index.php?rest_route=\/wp\/v2\/types\/post"}],"author":[{"embeddable":true,"href":"https:\/\/obscom.intervozes.org.br\/index.php?rest_route=\/wp\/v2\/users\/1"}],"replies":[{"embeddable":true,"href":"https:\/\/obscom.intervozes.org.br\/index.php?rest_route=%2Fwp%2Fv2%2Fcomments&post=20120"}],"version-history":[{"count":0,"href":"https:\/\/obscom.intervozes.org.br\/index.php?rest_route=\/wp\/v2\/posts\/20120\/revisions"}],"wp:attachment":[{"href":"https:\/\/obscom.intervozes.org.br\/index.php?rest_route=%2Fwp%2Fv2%2Fmedia&parent=20120"}],"wp:term":[{"taxonomy":"category","embeddable":true,"href":"https:\/\/obscom.intervozes.org.br\/index.php?rest_route=%2Fwp%2Fv2%2Fcategories&post=20120"},{"taxonomy":"post_tag","embeddable":true,"href":"https:\/\/obscom.intervozes.org.br\/index.php?rest_route=%2Fwp%2Fv2%2Ftags&post=20120"}],"curies":[{"name":"wp","href":"https:\/\/api.w.org\/{rel}","templated":true}]}}