{"id":20115,"date":"2007-12-20T10:55:54","date_gmt":"2007-12-20T10:55:54","guid":{"rendered":"https:\/\/obscom.intervozes.org.br\/wordpress\/?p=20115"},"modified":"2007-12-20T10:55:54","modified_gmt":"2007-12-20T10:55:54","slug":"rumores-e-moderacao-da-nextel-marcam-segundo-dia-de-leilao","status":"publish","type":"post","link":"https:\/\/obscom.intervozes.org.br\/?p=20115","title":{"rendered":"Rumores e &#8220;modera\u00e7\u00e3o&#8221; da Nextel marcam segundo dia de leil\u00e3o"},"content":{"rendered":"<p class=\"titnews\">A maior surpresa do t&atilde;o aguardado leil&atilde;o das freq&uuml;&ecirc;ncias de terceira gera&ccedil;&atilde;o acabou n&atilde;o sendo o apetite das operadoras em expandir suas opera&ccedil;&otilde;es. O que intrigou os presentes foi, na verdade, a dr&aacute;stica mudan&ccedil;a de estrat&eacute;gia das empresas entre o primeiro e o segundo dia da concorr&ecirc;ncia. Enquanto a abertura do leil&atilde;o foi marcada por &aacute;gios fortemente acima do previsto pela Anatel, o segundo frustrou todas as expectativas, com disputas bem menos agressivas em compara&ccedil;&atilde;o com o dia anterior.<\/p>\n<p>A log&iacute;stica de funcionamento do leil&atilde;o &ndash; pelo qual as as empresas t&ecirc;m 15 minutos para fazer cada lance &ndash; deixou os participantes por v&aacute;rias horas ociosos, estimulando a gera&ccedil;&atilde;o de diversos boatos sobre o que teria levado as empresas a um desempenho t&atilde;o p&iacute;fio perto do que foi a abertura da concorr&ecirc;ncia. Nos bastidores, o coment&aacute;rio era de que as empresas teriam se reunido na noite de ter&ccedil;a-feira, 18, para combinar a estrat&eacute;gia para o dia seguinte. Para al&eacute;m das brincadeiras e ironias feitas sob o mesmo mote, fontes garantem que o encontro realmente ocorreu, o que explicaria a disputa bem mais leve pelos lotes vendidos nesta quarta-feira, 19.<\/p>\n<p>Um detalhe que frustra a tese do &quot;acord&atilde;o&quot;, contudo, &eacute; a mudan&ccedil;a de humor da pr&oacute;pria Nextel, que n&atilde;o teria participado do encontro, e que foi a respons&aacute;vel pela forte eleva&ccedil;&atilde;o do &aacute;gio nos lotes da &aacute;rea I (Rio de Janeiro, Esp&iacute;rito Santo, Bahia e Sergipe) e no primeiro pacote de freq&uuml;&ecirc;ncias da &aacute;rea II (Centro-Oeste, Sul, Tocantins, Acre e Rond&ocirc;nia). A operadora de trunking foi bem mais modesta nas disputas desta quarta-feira. Prova disso &eacute; a diferen&ccedil;a vis&iacute;vel entre o &aacute;gio para o primeiro lote da &aacute;rea II (vendido no primeiro dia com alta de 132,2% para a Vivo) e as demais faixas da mesma &aacute;rea arrematadas no segundo dia, onde a melhor oferta superou o pre&ccedil;o m&iacute;nimo em 68,06% (TIM).<\/p>\n<p><strong>Moderador de apetite<\/p>\n<p><\/strong>Entre os advogados, a piada era de que a Nextel havia tomado um &ldquo;moderador de apetite&rdquo;, mas o fato &eacute; que n&atilde;o houve uma explica&ccedil;&atilde;o oficial da companhia sobre a mudan&ccedil;a repentina de postura. O presidente da Anatel, embaixador Ronaldo Sardenberg, admitiu no in&iacute;cio da noite desta quarta que o leil&atilde;o teve duas fases distintas entre a abertura e o dia de hoje. Mas, para ele, a troca de estrat&eacute;gia foi espont&acirc;nea de cada empresa.<\/p>\n<p>&ldquo;Eu penso que as empresas s&atilde;o entes inteligentes, que aprendem as li&ccedil;&otilde;es em um dia e aplicam no outro&rdquo;, afirmou o embaixador. &ldquo;N&atilde;o vejo sintomas de combina&ccedil;&atilde;o, de conluio. N&atilde;o vejo motivos para uma investiga&ccedil;&atilde;o, mas se mudar minha opini&atilde;o, como presidente da Anatel, tenho a obriga&ccedil;&atilde;o de tomar provid&ecirc;ncias&rdquo;, declarou mais tarde.<\/p>\n<p>Teorias &agrave; parte, &eacute; fato que a participa&ccedil;&atilde;o da Nextel n&atilde;o s&oacute; foi surpreendente desde o in&iacute;cio, como acabou sendo a grande alavanca de todo o leil&atilde;o. Em princ&iacute;pio, a surgimento da operadora como uma concorrente arraigada em praticamente todos os lotes &ndash; apenas na disputa pelo tri&acirc;ngulo mineiro, a Nextel n&atilde;o foi a &uacute;ltima a abandonar o repique &ndash; tem origem, pelo menos parcial, no universo das pr&oacute;prias SMPs.<\/p>\n<p><strong>Nova chance<\/p>\n<p><\/strong>As operadoras de telefonia m&oacute;vel h&aacute; tempos t&ecirc;m argumentado com a Anatel contra uma amplia&ccedil;&atilde;o das faixas para o trunking, alegando que a Nextel tem concorrido com a telefonia celular. De fato, a ag&ecirc;ncia n&atilde;o pretende mais ampliar o espectro para este servi&ccedil;o, deixando como &uacute;nica escolha para a expans&atilde;o das trunkings a busca por faixas do SMP.<\/p>\n<p>Outra motiva&ccedil;&atilde;o para a Nextel &eacute; o fato de ainda existir mais um bloco designado para o 3G &agrave; espera de interessados. Com a postura forte nas primeiras rodadas do leil&atilde;o, a empresa mostrou &agrave; Anatel que est&aacute; realmente disposta a comprar a quinta faixa da terceira gera&ccedil;&atilde;o, que deve ser colocada &agrave; venda ainda no primeiro semestre de 2008, segundo declara&ccedil;&otilde;es feitas hoje por Sardenberg. <\/p>\n<p>Ainda n&atilde;o se sabe se o pre&ccedil;o pela licen&ccedil;a seguir&aacute; o mesmo padr&atilde;o do &uacute;ltimo edital, nem mesmo se existir&atilde;o as mesmas obriga&ccedil;&otilde;es de abrang&ecirc;ncia. Com as vendas realizadas nesta semana, a tend&ecirc;ncia &eacute; que a Nextel acabe se beneficiando com a falta de concorr&ecirc;ncia pelo bloco H e gaste muito menos do que obrigou suas concorrentes a desembolsar nos &uacute;ltimos dias.<\/p>\n","protected":false},"excerpt":{"rendered":"<p>A maior surpresa do t&atilde;o aguardado leil&atilde;o das freq&uuml;&ecirc;ncias de terceira gera&ccedil;&atilde;o acabou n&atilde;o sendo o apetite das operadoras em expandir suas opera&ccedil;&otilde;es. O que intrigou os presentes foi, na verdade, a dr&aacute;stica mudan&ccedil;a de estrat&eacute;gia das empresas entre o primeiro e o segundo dia da concorr&ecirc;ncia. Enquanto a abertura do leil&atilde;o foi marcada por &hellip; <a href=\"https:\/\/obscom.intervozes.org.br\/?p=20115\" class=\"more-link\">Continue lendo <span class=\"screen-reader-text\">Rumores e &#8220;modera\u00e7\u00e3o&#8221; da Nextel marcam segundo dia de leil\u00e3o<\/span> <span class=\"meta-nav\">&rarr;<\/span><\/a><\/p>\n","protected":false},"author":1,"featured_media":0,"comment_status":"open","ping_status":"open","sticky":false,"template":"","format":"standard","meta":{"footnotes":""},"categories":[40],"tags":[584],"_links":{"self":[{"href":"https:\/\/obscom.intervozes.org.br\/index.php?rest_route=\/wp\/v2\/posts\/20115"}],"collection":[{"href":"https:\/\/obscom.intervozes.org.br\/index.php?rest_route=\/wp\/v2\/posts"}],"about":[{"href":"https:\/\/obscom.intervozes.org.br\/index.php?rest_route=\/wp\/v2\/types\/post"}],"author":[{"embeddable":true,"href":"https:\/\/obscom.intervozes.org.br\/index.php?rest_route=\/wp\/v2\/users\/1"}],"replies":[{"embeddable":true,"href":"https:\/\/obscom.intervozes.org.br\/index.php?rest_route=%2Fwp%2Fv2%2Fcomments&post=20115"}],"version-history":[{"count":0,"href":"https:\/\/obscom.intervozes.org.br\/index.php?rest_route=\/wp\/v2\/posts\/20115\/revisions"}],"wp:attachment":[{"href":"https:\/\/obscom.intervozes.org.br\/index.php?rest_route=%2Fwp%2Fv2%2Fmedia&parent=20115"}],"wp:term":[{"taxonomy":"category","embeddable":true,"href":"https:\/\/obscom.intervozes.org.br\/index.php?rest_route=%2Fwp%2Fv2%2Fcategories&post=20115"},{"taxonomy":"post_tag","embeddable":true,"href":"https:\/\/obscom.intervozes.org.br\/index.php?rest_route=%2Fwp%2Fv2%2Ftags&post=20115"}],"curies":[{"name":"wp","href":"https:\/\/api.w.org\/{rel}","templated":true}]}}