{"id":20113,"date":"2007-12-20T10:50:42","date_gmt":"2007-12-20T10:50:42","guid":{"rendered":"https:\/\/obscom.intervozes.org.br\/wordpress\/?p=20113"},"modified":"2007-12-20T10:50:42","modified_gmt":"2007-12-20T10:50:42","slug":"relatorio-da-medida-provosoria-que-cria-a-tv-brasil-so-sai-em-fevereiro-de-2008-diz-pinheiro","status":"publish","type":"post","link":"https:\/\/obscom.intervozes.org.br\/?p=20113","title":{"rendered":"Relat\u00f3rio da Medida Provos\u00f3ria que cria a TV Brasil s\u00f3 sai em fevereiro de 2008, diz Pinheiro"},"content":{"rendered":"<p>Walter Pinheiro (PT-BA), relator da Medida Provis&oacute;ria que cria a EBC &#8211; Empresa Brasil de Comunica&ccedil;&atilde;o,&nbsp;afirmou ontem (19\/12)&nbsp;que s&oacute; pretende apresentar seu relat&oacute;rio &agrave; MP no come&ccedil;o de 2008. &quot;Temos at&eacute; mar&ccedil;o para transformar a MP em lei. Ent&atilde;o, o debate ser&aacute; retomado logo que o recesso parlamentar acabar, dia 12 de fevereiro&quot;, afirmou.<\/p>\n","protected":false},"excerpt":{"rendered":"<p>Walter Pinheiro (PT-BA), relator da Medida Provis&oacute;ria que cria a EBC &#8211; Empresa Brasil de Comunica&ccedil;&atilde;o,&nbsp;afirmou ontem (19\/12)&nbsp;que s&oacute; pretende apresentar seu relat&oacute;rio &agrave; MP no come&ccedil;o de 2008. &quot;Temos at&eacute; mar&ccedil;o para transformar a MP em lei. Ent&atilde;o, o debate ser&aacute; retomado logo que o recesso parlamentar acabar, dia 12 de fevereiro&quot;, afirmou.<\/p>\n","protected":false},"author":1,"featured_media":0,"comment_status":"open","ping_status":"open","sticky":false,"template":"","format":"standard","meta":{"footnotes":""},"categories":[39],"tags":[],"_links":{"self":[{"href":"https:\/\/obscom.intervozes.org.br\/index.php?rest_route=\/wp\/v2\/posts\/20113"}],"collection":[{"href":"https:\/\/obscom.intervozes.org.br\/index.php?rest_route=\/wp\/v2\/posts"}],"about":[{"href":"https:\/\/obscom.intervozes.org.br\/index.php?rest_route=\/wp\/v2\/types\/post"}],"author":[{"embeddable":true,"href":"https:\/\/obscom.intervozes.org.br\/index.php?rest_route=\/wp\/v2\/users\/1"}],"replies":[{"embeddable":true,"href":"https:\/\/obscom.intervozes.org.br\/index.php?rest_route=%2Fwp%2Fv2%2Fcomments&post=20113"}],"version-history":[{"count":0,"href":"https:\/\/obscom.intervozes.org.br\/index.php?rest_route=\/wp\/v2\/posts\/20113\/revisions"}],"wp:attachment":[{"href":"https:\/\/obscom.intervozes.org.br\/index.php?rest_route=%2Fwp%2Fv2%2Fmedia&parent=20113"}],"wp:term":[{"taxonomy":"category","embeddable":true,"href":"https:\/\/obscom.intervozes.org.br\/index.php?rest_route=%2Fwp%2Fv2%2Fcategories&post=20113"},{"taxonomy":"post_tag","embeddable":true,"href":"https:\/\/obscom.intervozes.org.br\/index.php?rest_route=%2Fwp%2Fv2%2Ftags&post=20113"}],"curies":[{"name":"wp","href":"https:\/\/api.w.org\/{rel}","templated":true}]}}