{"id":20108,"date":"2007-12-19T15:34:19","date_gmt":"2007-12-19T15:34:19","guid":{"rendered":"https:\/\/obscom.intervozes.org.br\/wordpress\/?p=20108"},"modified":"2007-12-19T15:34:19","modified_gmt":"2007-12-19T15:34:19","slug":"fenaj-apresenta-propostas-para-outorga-e-renovacao-de-concessoes","status":"publish","type":"post","link":"https:\/\/obscom.intervozes.org.br\/?p=20108","title":{"rendered":"FENAJ apresenta propostas para outorga e renova\u00e7\u00e3o de concess\u00f5es"},"content":{"rendered":"<p>No dia 12 de dezembro foi aprovado parcialmente, na Subcomiss&atilde;o de an&aacute;lise dos procedimentos de renova&ccedil;&atilde;o e concess&atilde;o de novas outorgas de radiodifus&atilde;o, o relat&oacute;rio final com indica&ccedil;&otilde;es de procedimentos ao Poder Executivo. Os itens mais pol&ecirc;micos do relat&oacute;rio, por&eacute;m, s&oacute; ser&atilde;o deliberados no ano que vem. Considerando que a Casa Civil tamb&eacute;m est&aacute; apontando exig&ecirc;ncias t&eacute;cnicas para os processos de renova&ccedil;&atilde;o de concess&otilde;es de r&aacute;dio e TV, a FENAJ encaminhar&aacute; nos pr&oacute;ximos dias suas contribui&ccedil;&otilde;es &agrave; C&acirc;mara dos Deputados e ao minist&eacute;rio.<\/p>\n<p>A parte do relat&oacute;rio da deputada Maria do Carmo (PT\/MG) aprovado no dia 12 refere-se a recomenda&ccedil;&otilde;es ao governo para cumprir par&acirc;metros estabelecidos pelo Ato Normativo n.&ordm; 1 de 2007 sobre a an&aacute;lise das outorgas de radiodifus&atilde;o. Seu conte&uacute;do prop&otilde;e mudan&ccedil;as no m&eacute;todo de avalia&ccedil;&atilde;o dos pedidos de outorga e renova&ccedil;&atilde;o de concess&otilde;es, buscando mais transpar&ecirc;ncia e agilidade no processo de decis&otilde;es. A vota&ccedil;&atilde;o parcial do relat&oacute;rio foi apoiada pela presidente da Subcomiss&atilde;o, deputada Luiza Erundina (PSB\/SP), para evitar atropelos e disputas pol&iacute;ticas. Ela afirmou que pretende alcan&ccedil;ar mais apoio parlamentar a quest&otilde;es de conte&uacute;do mais importantes, como a defini&ccedil;&atilde;o de cotas de programa&ccedil;&atilde;o regional nas TVs abertas.<\/p>\n<p>O documento &ldquo;PROPOSTAS DA FENAJ SOBRE OUTORGA E RENOVA&Ccedil;&Atilde;O DE CANAIS DE R&Aacute;DIO E TV NO BRASIL&rdquo; ser&aacute; apresentado pela diretoria da FENAJ at&eacute; quarta-feira (19\/12), tanto &agrave; Casa Civil quanto &agrave; C&acirc;mara dos Deputados. Al&eacute;m de um hist&oacute;rico sobre o processo de outorgas da radiodifus&atilde;o brasileira, de uma leitura sobre a abordagem do tema na Constitui&ccedil;&atilde;o de 1988, e sobre o marco regulat&oacute;rio das comunica&ccedil;&otilde;es no pa&iacute;s, a FENAJ manifesta apoio ao relat&oacute;rio preliminar da Subcomiss&atilde;o Especial da Comiss&atilde;o de Ci&ecirc;ncia e Tecnologia, Comunica&ccedil;&atilde;o e Inform&aacute;tica e apresenta suas propostas.<\/p>\n<p>Al&eacute;m de princ&iacute;pios gerais, a Federa&ccedil;&atilde;o Nacional dos Jornalistas prop&otilde;e que a outorga ou renova&ccedil;&atilde;o de concess&otilde;es atenda a aspectos espec&iacute;ficos como o de que as empresas de radiodifus&atilde;o n&atilde;o sejam controladas ou dirigidas por parlamentares e detentores de cargos p&uacute;blicos, estimulem a produ&ccedil;&atilde;o art&iacute;stica, cultural e jornal&iacute;stica regionais, a produ&ccedil;&atilde;o independente e o fomento ao emprego formal e, ainda, que comprovem estarem respeitando a legisla&ccedil;&atilde;o trabalhista e regulamenta&ccedil;&otilde;es profissionais como as dos jornalistas e radialistas.O documento da Federa&ccedil;&atilde;o prop&otilde;e tamb&eacute;m que os radiodifusores cumpram determina&ccedil;&otilde;es j&aacute; previstas na legisla&ccedil;&atilde;o como o tempo m&iacute;nimo (cinco por cento) destinado &agrave; programa&ccedil;&atilde;o jornal&iacute;stica, como determina o item h do artigo 39 da Lei 4.117, de 27 de agosto de 1962, bem como a identifica&ccedil;&atilde;o dos profissionais respons&aacute;veis, com a apresenta&ccedil;&atilde;o dos respectivos registros legais, conforme previsto na Lei 5.250, de 09 de fevereiro de 1967.<\/p>\n<p>Para acessar a &iacute;ntegra do documento, clique <a href=\"http:\/\/www.fenaj.org.br\/relinstitu\/concessoes_radio_tv.pdf\" target=\"_blank\">aqui<\/a> .<\/p>\n","protected":false},"excerpt":{"rendered":"<p>No dia 12 de dezembro foi aprovado parcialmente, na Subcomiss&atilde;o de an&aacute;lise dos procedimentos de renova&ccedil;&atilde;o e concess&atilde;o de novas outorgas de radiodifus&atilde;o, o relat&oacute;rio final com indica&ccedil;&otilde;es de procedimentos ao Poder Executivo. Os itens mais pol&ecirc;micos do relat&oacute;rio, por&eacute;m, s&oacute; ser&atilde;o deliberados no ano que vem. Considerando que a Casa Civil tamb&eacute;m est&aacute; apontando &hellip; <a href=\"https:\/\/obscom.intervozes.org.br\/?p=20108\" class=\"more-link\">Continue lendo <span class=\"screen-reader-text\">FENAJ apresenta propostas para outorga e renova\u00e7\u00e3o de concess\u00f5es<\/span> <span class=\"meta-nav\">&rarr;<\/span><\/a><\/p>\n","protected":false},"author":1,"featured_media":0,"comment_status":"open","ping_status":"open","sticky":false,"template":"","format":"standard","meta":{"footnotes":""},"categories":[40],"tags":[230],"_links":{"self":[{"href":"https:\/\/obscom.intervozes.org.br\/index.php?rest_route=\/wp\/v2\/posts\/20108"}],"collection":[{"href":"https:\/\/obscom.intervozes.org.br\/index.php?rest_route=\/wp\/v2\/posts"}],"about":[{"href":"https:\/\/obscom.intervozes.org.br\/index.php?rest_route=\/wp\/v2\/types\/post"}],"author":[{"embeddable":true,"href":"https:\/\/obscom.intervozes.org.br\/index.php?rest_route=\/wp\/v2\/users\/1"}],"replies":[{"embeddable":true,"href":"https:\/\/obscom.intervozes.org.br\/index.php?rest_route=%2Fwp%2Fv2%2Fcomments&post=20108"}],"version-history":[{"count":0,"href":"https:\/\/obscom.intervozes.org.br\/index.php?rest_route=\/wp\/v2\/posts\/20108\/revisions"}],"wp:attachment":[{"href":"https:\/\/obscom.intervozes.org.br\/index.php?rest_route=%2Fwp%2Fv2%2Fmedia&parent=20108"}],"wp:term":[{"taxonomy":"category","embeddable":true,"href":"https:\/\/obscom.intervozes.org.br\/index.php?rest_route=%2Fwp%2Fv2%2Fcategories&post=20108"},{"taxonomy":"post_tag","embeddable":true,"href":"https:\/\/obscom.intervozes.org.br\/index.php?rest_route=%2Fwp%2Fv2%2Ftags&post=20108"}],"curies":[{"name":"wp","href":"https:\/\/api.w.org\/{rel}","templated":true}]}}