{"id":20105,"date":"2007-12-19T15:26:27","date_gmt":"2007-12-19T15:26:27","guid":{"rendered":"https:\/\/obscom.intervozes.org.br\/wordpress\/?p=20105"},"modified":"2007-12-19T15:26:27","modified_gmt":"2007-12-19T15:26:27","slug":"justica-mantem-decisao-da-anatel-sobre-oiwaytv","status":"publish","type":"post","link":"https:\/\/obscom.intervozes.org.br\/?p=20105","title":{"rendered":"Justi\u00e7a mant\u00e9m decis\u00e3o da Anatel sobre Oi\/WayTV"},"content":{"rendered":"<p>Foi extinta, sem julgamento do m&eacute;rito, a a&ccedil;&atilde;o que a ABTA movia contra a Anatel pedindo a revoga&ccedil;&atilde;o e anula&ccedil;&atilde;o do ato que permitiu &agrave; Oi adquirir a operadora de TV a cabo mineira WayTV. A a&ccedil;&atilde;o foi extinta porque a Justi&ccedil;a Federal de Bras&iacute;lia (14&ordf; Vara) entendeu que a ABTA n&atilde;o &eacute; parte leg&iacute;tima para pedir o mandato de seguran&ccedil;a.<\/p>\n<p>Vale lembrar, a Anatel, em 19 de mar&ccedil;o, havia decidido contra a aquisi&ccedil;&atilde;o da operadora de TV a cabo pela tele. No dia 23 de outubro, a ag&ecirc;ncia reverteu sua decis&atilde;o, liberando a Oi para concretizar a oferta (de R$ 132 milh&otilde;es) e assumir a operadora.<\/p>\n<p>Em mar&ccedil;o, a anu&ecirc;ncia pr&eacute;via para a opera&ccedil;&atilde;o de compra havia sido negada com base na cl&aacute;usula 14.1 do contrato de concess&atilde;o da Telemar, que impede que coligadas, controladas ou controladoras da concession&aacute;ria de telefonia fixa local operem o servi&ccedil;o de TV a cabo, salvo o que estiver &quot;ressalvado em lei espec&iacute;fica&quot;.<\/p>\n<p>Quando reverteu sua decis&atilde;o, a Anatel interpretou que, como n&atilde;o houve outras ofertas para a compra da WayTV, quando esta foi posta em leil&atilde;o na bolsa, passou a valer uma ressalva da Lei do Cabo. Em seu Artigo 15, a lei autoriza uma empresa de telecomunica&ccedil;&otilde;es ser autorizada a prestar o servi&ccedil;o de cabo &quot;na hip&oacute;tese de desinteresse manifesto de empresas privadas, caracterizado pela aus&ecirc;ncia de resposta a edital relativo a uma determinada &aacute;rea de presta&ccedil;&atilde;o de servi&ccedil;o&quot;. <\/p>\n","protected":false},"excerpt":{"rendered":"<p>Foi extinta, sem julgamento do m&eacute;rito, a a&ccedil;&atilde;o que a ABTA movia contra a Anatel pedindo a revoga&ccedil;&atilde;o e anula&ccedil;&atilde;o do ato que permitiu &agrave; Oi adquirir a operadora de TV a cabo mineira WayTV. A a&ccedil;&atilde;o foi extinta porque a Justi&ccedil;a Federal de Bras&iacute;lia (14&ordf; Vara) entendeu que a ABTA n&atilde;o &eacute; parte leg&iacute;tima &hellip; <a href=\"https:\/\/obscom.intervozes.org.br\/?p=20105\" class=\"more-link\">Continue lendo <span class=\"screen-reader-text\">Justi\u00e7a mant\u00e9m decis\u00e3o da Anatel sobre Oi\/WayTV<\/span> <span class=\"meta-nav\">&rarr;<\/span><\/a><\/p>\n","protected":false},"author":1,"featured_media":0,"comment_status":"open","ping_status":"open","sticky":false,"template":"","format":"standard","meta":{"footnotes":""},"categories":[40],"tags":[177],"_links":{"self":[{"href":"https:\/\/obscom.intervozes.org.br\/index.php?rest_route=\/wp\/v2\/posts\/20105"}],"collection":[{"href":"https:\/\/obscom.intervozes.org.br\/index.php?rest_route=\/wp\/v2\/posts"}],"about":[{"href":"https:\/\/obscom.intervozes.org.br\/index.php?rest_route=\/wp\/v2\/types\/post"}],"author":[{"embeddable":true,"href":"https:\/\/obscom.intervozes.org.br\/index.php?rest_route=\/wp\/v2\/users\/1"}],"replies":[{"embeddable":true,"href":"https:\/\/obscom.intervozes.org.br\/index.php?rest_route=%2Fwp%2Fv2%2Fcomments&post=20105"}],"version-history":[{"count":0,"href":"https:\/\/obscom.intervozes.org.br\/index.php?rest_route=\/wp\/v2\/posts\/20105\/revisions"}],"wp:attachment":[{"href":"https:\/\/obscom.intervozes.org.br\/index.php?rest_route=%2Fwp%2Fv2%2Fmedia&parent=20105"}],"wp:term":[{"taxonomy":"category","embeddable":true,"href":"https:\/\/obscom.intervozes.org.br\/index.php?rest_route=%2Fwp%2Fv2%2Fcategories&post=20105"},{"taxonomy":"post_tag","embeddable":true,"href":"https:\/\/obscom.intervozes.org.br\/index.php?rest_route=%2Fwp%2Fv2%2Ftags&post=20105"}],"curies":[{"name":"wp","href":"https:\/\/api.w.org\/{rel}","templated":true}]}}