{"id":20104,"date":"2007-12-19T15:23:35","date_gmt":"2007-12-19T15:23:35","guid":{"rendered":"https:\/\/obscom.intervozes.org.br\/wordpress\/?p=20104"},"modified":"2007-12-19T15:23:35","modified_gmt":"2007-12-19T15:23:35","slug":"uniao-internacional-das-telecomunicacoes-anuncia-padrao-global-para-iptv","status":"publish","type":"post","link":"https:\/\/obscom.intervozes.org.br\/?p=20104","title":{"rendered":"Uni\u00e3o Internacional das Telecomunica\u00e7\u00f5es anuncia padr\u00e3o global para IPTV"},"content":{"rendered":"<p>A Uni&atilde;o Internacional das Telecomunica&ccedil;&otilde;es (UIT) anunciou nesta ter&ccedil;a-feira, 18, o primeiro padr&atilde;o global para o protocolo de IPTV desenvolvido com a contribui&ccedil;&atilde;o de fabricantes e prestadores de servi&ccedil;os. Os novos protocolos foram desenvolvidos pelo Focus Group de IPTV que faz parte do setor de padroniza&ccedil;&atilde;o da UIT.<\/p>\n<p>O conte&uacute;do dos documentos produzidos pelo grupo permite aos provedores lan&ccedil;ar servi&ccedil;os com protocolos padr&atilde;o em redes NGN. A pr&oacute;xima fase do trabalho do IPTV GSI (Global Standards Iniciative) vai centrar-se nos padr&otilde;es de velocidade e detalhamento dos protocolos baseados nos documentos produzidos pelo Focus Group que tem se reunido desde 2006. Nesse per&iacute;odo, entre encontros e workshops a UIT analisou 21 documentos cobrindo requisi&ccedil;&otilde;es de arquitetura, qualidade de servi&ccedil;o, seguran&ccedil;a, DRM, unicast e multicast, protocolos metadata, midleware e redes dom&eacute;sticas. O pr&oacute;ximo encontro do grupo IPTV-GSI vai acontecer em Seul, na Cor&eacute;ia, de 15 a 22 de janeiro de 2008.<\/p>\n","protected":false},"excerpt":{"rendered":"<p>A Uni&atilde;o Internacional das Telecomunica&ccedil;&otilde;es (UIT) anunciou nesta ter&ccedil;a-feira, 18, o primeiro padr&atilde;o global para o protocolo de IPTV desenvolvido com a contribui&ccedil;&atilde;o de fabricantes e prestadores de servi&ccedil;os. Os novos protocolos foram desenvolvidos pelo Focus Group de IPTV que faz parte do setor de padroniza&ccedil;&atilde;o da UIT. O conte&uacute;do dos documentos produzidos pelo grupo &hellip; <a href=\"https:\/\/obscom.intervozes.org.br\/?p=20104\" class=\"more-link\">Continue lendo <span class=\"screen-reader-text\">Uni\u00e3o Internacional das Telecomunica\u00e7\u00f5es anuncia padr\u00e3o global para IPTV<\/span> <span class=\"meta-nav\">&rarr;<\/span><\/a><\/p>\n","protected":false},"author":1,"featured_media":0,"comment_status":"open","ping_status":"open","sticky":false,"template":"","format":"standard","meta":{"footnotes":""},"categories":[40],"tags":[583],"_links":{"self":[{"href":"https:\/\/obscom.intervozes.org.br\/index.php?rest_route=\/wp\/v2\/posts\/20104"}],"collection":[{"href":"https:\/\/obscom.intervozes.org.br\/index.php?rest_route=\/wp\/v2\/posts"}],"about":[{"href":"https:\/\/obscom.intervozes.org.br\/index.php?rest_route=\/wp\/v2\/types\/post"}],"author":[{"embeddable":true,"href":"https:\/\/obscom.intervozes.org.br\/index.php?rest_route=\/wp\/v2\/users\/1"}],"replies":[{"embeddable":true,"href":"https:\/\/obscom.intervozes.org.br\/index.php?rest_route=%2Fwp%2Fv2%2Fcomments&post=20104"}],"version-history":[{"count":0,"href":"https:\/\/obscom.intervozes.org.br\/index.php?rest_route=\/wp\/v2\/posts\/20104\/revisions"}],"wp:attachment":[{"href":"https:\/\/obscom.intervozes.org.br\/index.php?rest_route=%2Fwp%2Fv2%2Fmedia&parent=20104"}],"wp:term":[{"taxonomy":"category","embeddable":true,"href":"https:\/\/obscom.intervozes.org.br\/index.php?rest_route=%2Fwp%2Fv2%2Fcategories&post=20104"},{"taxonomy":"post_tag","embeddable":true,"href":"https:\/\/obscom.intervozes.org.br\/index.php?rest_route=%2Fwp%2Fv2%2Ftags&post=20104"}],"curies":[{"name":"wp","href":"https:\/\/api.w.org\/{rel}","templated":true}]}}