{"id":20102,"date":"2007-12-19T15:19:18","date_gmt":"2007-12-19T15:19:18","guid":{"rendered":"https:\/\/obscom.intervozes.org.br\/wordpress\/?p=20102"},"modified":"2007-12-19T15:19:18","modified_gmt":"2007-12-19T15:19:18","slug":"helio-costa-proibe-servidores-do-ministerio-das-comunicacoes-de-acessarem-a-internet","status":"publish","type":"post","link":"https:\/\/obscom.intervozes.org.br\/?p=20102","title":{"rendered":"H\u00e9lio Costa pro\u00edbe servidores do Minist\u00e9rio das Comunica\u00e7\u00f5es de acessarem a internet"},"content":{"rendered":"<p>Com a autoriza&ccedil;&atilde;o do Ministro das Comunica&ccedil;&otilde;es, H&eacute;lio Costa, a Coordenadora Geral de Outorgas, V&acirc;nia Rabelo, proibiu o acesso dos funcion&aacute;rios &agrave; Internet. V&acirc;nia, que &eacute; subordinada da Secretaria de Comunica&ccedil;&atilde;o Eletr&ocirc;nica, somente autorizou os funcion&aacute;rios com n&iacute;vel de chefia a terem acesso &agrave; rede mundial de computadores. Os demais funcion&aacute;rios do minist&eacute;rio est&atilde;o impedidos de navegar. Como alguns servidores precisam da Internet para encaminhar Atos Normativos do Minist&eacute;rio das Comunica&ccedil;&otilde;es para o Di&aacute;rio Oficial da Uni&atilde;o, por exemplo, a executiva liberou essas pessoas, que ser&atilde;o devidamente registradas pela &aacute;rea de inform&aacute;tica, para utilizarem seus computadores para a navega&ccedil;&atilde;o no per&iacute;odo de 12h &agrave;s 14h. O objetivo desta medida, que censurou praticamente todos os funcion&aacute;rios, &eacute; evitar os constantes vazamentos de informa&ccedil;&otilde;es que ocorrem no Minist&eacute;rio das Comunica&ccedil;&otilde;es. <\/p>\n<p>A informa&ccedil;&atilde;o &eacute; de Luiz Queiroz, do Convergencial Digital. <\/p>\n","protected":false},"excerpt":{"rendered":"<p>Com a autoriza&ccedil;&atilde;o do Ministro das Comunica&ccedil;&otilde;es, H&eacute;lio Costa, a Coordenadora Geral de Outorgas, V&acirc;nia Rabelo, proibiu o acesso dos funcion&aacute;rios &agrave; Internet. V&acirc;nia, que &eacute; subordinada da Secretaria de Comunica&ccedil;&atilde;o Eletr&ocirc;nica, somente autorizou os funcion&aacute;rios com n&iacute;vel de chefia a terem acesso &agrave; rede mundial de computadores. Os demais funcion&aacute;rios do minist&eacute;rio est&atilde;o impedidos &hellip; <a href=\"https:\/\/obscom.intervozes.org.br\/?p=20102\" class=\"more-link\">Continue lendo <span class=\"screen-reader-text\">H\u00e9lio Costa pro\u00edbe servidores do Minist\u00e9rio das Comunica\u00e7\u00f5es de acessarem a internet<\/span> <span class=\"meta-nav\">&rarr;<\/span><\/a><\/p>\n","protected":false},"author":1,"featured_media":0,"comment_status":"open","ping_status":"open","sticky":false,"template":"","format":"standard","meta":{"footnotes":""},"categories":[39],"tags":[],"_links":{"self":[{"href":"https:\/\/obscom.intervozes.org.br\/index.php?rest_route=\/wp\/v2\/posts\/20102"}],"collection":[{"href":"https:\/\/obscom.intervozes.org.br\/index.php?rest_route=\/wp\/v2\/posts"}],"about":[{"href":"https:\/\/obscom.intervozes.org.br\/index.php?rest_route=\/wp\/v2\/types\/post"}],"author":[{"embeddable":true,"href":"https:\/\/obscom.intervozes.org.br\/index.php?rest_route=\/wp\/v2\/users\/1"}],"replies":[{"embeddable":true,"href":"https:\/\/obscom.intervozes.org.br\/index.php?rest_route=%2Fwp%2Fv2%2Fcomments&post=20102"}],"version-history":[{"count":0,"href":"https:\/\/obscom.intervozes.org.br\/index.php?rest_route=\/wp\/v2\/posts\/20102\/revisions"}],"wp:attachment":[{"href":"https:\/\/obscom.intervozes.org.br\/index.php?rest_route=%2Fwp%2Fv2%2Fmedia&parent=20102"}],"wp:term":[{"taxonomy":"category","embeddable":true,"href":"https:\/\/obscom.intervozes.org.br\/index.php?rest_route=%2Fwp%2Fv2%2Fcategories&post=20102"},{"taxonomy":"post_tag","embeddable":true,"href":"https:\/\/obscom.intervozes.org.br\/index.php?rest_route=%2Fwp%2Fv2%2Ftags&post=20102"}],"curies":[{"name":"wp","href":"https:\/\/api.w.org\/{rel}","templated":true}]}}