{"id":20098,"date":"2007-12-19T15:09:14","date_gmt":"2007-12-19T15:09:14","guid":{"rendered":"https:\/\/obscom.intervozes.org.br\/wordpress\/?p=20098"},"modified":"2007-12-19T15:09:14","modified_gmt":"2007-12-19T15:09:14","slug":"leilao-das-frequencias-de-terceira-geracao-de-telefonia-movel-continua-hoje","status":"publish","type":"post","link":"https:\/\/obscom.intervozes.org.br\/?p=20098","title":{"rendered":"Leil\u00e3o das freq\u00fc\u00eancias de terceira gera\u00e7\u00e3o de telefonia m\u00f3vel continua hoje"},"content":{"rendered":"<p>O leil&atilde;o das freq&uuml;&ecirc;ncias da terceira gera&ccedil;&atilde;o da telefonia m&oacute;vel (3G) continua hoje (19). O prazo para apresenta&ccedil;&atilde;o das propostas &agrave; Ag&ecirc;ncia Nacional de Telecomunica&ccedil;&otilde;es (Anatel) terminou no dia 11 de dezembro. Oito prestadoras participam do processo desde ontem (18), quando foram adquiridos cinco dos 36 lotes a serem vendidos.&nbsp; O edital de licita&ccedil;&atilde;o foi elaborado em conjunto com o Minist&eacute;rio das Comunica&ccedil;&otilde;es, para levar o servi&ccedil;o de telefonia m&oacute;vel a todos os 5.565 munic&iacute;pios do pa&iacute;s. O texto foi elaborado de modo a contemplar inclusive aqueles com menos de 30 mil habitantes.<\/p>\n<p>As informa&ccedil;&otilde;es s&atilde;o da Ag&ecirc;ncia Brasil.<\/p>\n","protected":false},"excerpt":{"rendered":"<p>O leil&atilde;o das freq&uuml;&ecirc;ncias da terceira gera&ccedil;&atilde;o da telefonia m&oacute;vel (3G) continua hoje (19). O prazo para apresenta&ccedil;&atilde;o das propostas &agrave; Ag&ecirc;ncia Nacional de Telecomunica&ccedil;&otilde;es (Anatel) terminou no dia 11 de dezembro. Oito prestadoras participam do processo desde ontem (18), quando foram adquiridos cinco dos 36 lotes a serem vendidos.&nbsp; O edital de licita&ccedil;&atilde;o foi &hellip; <a href=\"https:\/\/obscom.intervozes.org.br\/?p=20098\" class=\"more-link\">Continue lendo <span class=\"screen-reader-text\">Leil\u00e3o das freq\u00fc\u00eancias de terceira gera\u00e7\u00e3o de telefonia m\u00f3vel continua hoje<\/span> <span class=\"meta-nav\">&rarr;<\/span><\/a><\/p>\n","protected":false},"author":1,"featured_media":0,"comment_status":"open","ping_status":"open","sticky":false,"template":"","format":"standard","meta":{"footnotes":""},"categories":[39],"tags":[],"_links":{"self":[{"href":"https:\/\/obscom.intervozes.org.br\/index.php?rest_route=\/wp\/v2\/posts\/20098"}],"collection":[{"href":"https:\/\/obscom.intervozes.org.br\/index.php?rest_route=\/wp\/v2\/posts"}],"about":[{"href":"https:\/\/obscom.intervozes.org.br\/index.php?rest_route=\/wp\/v2\/types\/post"}],"author":[{"embeddable":true,"href":"https:\/\/obscom.intervozes.org.br\/index.php?rest_route=\/wp\/v2\/users\/1"}],"replies":[{"embeddable":true,"href":"https:\/\/obscom.intervozes.org.br\/index.php?rest_route=%2Fwp%2Fv2%2Fcomments&post=20098"}],"version-history":[{"count":0,"href":"https:\/\/obscom.intervozes.org.br\/index.php?rest_route=\/wp\/v2\/posts\/20098\/revisions"}],"wp:attachment":[{"href":"https:\/\/obscom.intervozes.org.br\/index.php?rest_route=%2Fwp%2Fv2%2Fmedia&parent=20098"}],"wp:term":[{"taxonomy":"category","embeddable":true,"href":"https:\/\/obscom.intervozes.org.br\/index.php?rest_route=%2Fwp%2Fv2%2Fcategories&post=20098"},{"taxonomy":"post_tag","embeddable":true,"href":"https:\/\/obscom.intervozes.org.br\/index.php?rest_route=%2Fwp%2Fv2%2Ftags&post=20098"}],"curies":[{"name":"wp","href":"https:\/\/api.w.org\/{rel}","templated":true}]}}