{"id":20096,"date":"2007-12-19T15:02:51","date_gmt":"2007-12-19T15:02:51","guid":{"rendered":"https:\/\/obscom.intervozes.org.br\/wordpress\/?p=20096"},"modified":"2007-12-19T15:02:51","modified_gmt":"2007-12-19T15:02:51","slug":"preco-da-ligacao-de-celular-pode-cair-a-metade-em-2008-estima-anatel","status":"publish","type":"post","link":"https:\/\/obscom.intervozes.org.br\/?p=20096","title":{"rendered":"Pre\u00e7o da liga\u00e7\u00e3o de celular pode cair \u00e0 metade em 2008, estima Anatel"},"content":{"rendered":"<p>Bras&iacute;lia &#8211; O custo do telefone celular poder&aacute; cair em mais da metade no pr&oacute;ximo ano com a entrada em opera&ccedil;&atilde;o do sistema 3G, de telefonia de terceira gera&ccedil;&atilde;o, cujas freq&uuml;&ecirc;ncias come&ccedil;aram a ser leiloadas ontem (18) pela Ag&ecirc;ncia Nacional de Telecomunica&ccedil;&otilde;es (Anatel). A estimativa &eacute; do superintendente de Servi&ccedil;os Privados da ag&ecirc;ncia, Jarbas Jos&eacute; Valente.<\/p>\n<p>Segundo Valente, a converg&ecirc;ncia de diferentes tecnologias no sistema 3G aumentar&aacute; a utiliza&ccedil;&atilde;o do celular, o que resultar&aacute; em pre&ccedil;os mais baratos. &ldquo;A telefonia celular de terceira gera&ccedil;&atilde;o torna a comunica&ccedil;&atilde;o de voz&nbsp; apenas uma das possibilidades do servi&ccedil;o m&oacute;vel pessoal&rdquo;, destacou.<\/p>\n<p>&ldquo;As pessoas ter&atilde;o condi&ccedil;&otilde;es de trocar v&iacute;deos, de serem vistas a dist&acirc;ncia no visor do telefone, de usar mapas para se localizar melhor numa cidade, usar internet e muitos outros bancos de dados&rdquo;, completou o superintendente.<\/p>\n<p>Para Valente, a Anatel dever&aacute; terminar o leil&atilde;o com arrecada&ccedil;&atilde;o em torno de R$ 6 bilh&otilde;es, mais que o dobro dos R$ 2,8 bilh&otilde;es oferecidos como pre&ccedil;o m&iacute;nimo. Segundo ele, essa diferen&ccedil;a (&aacute;gio) est&aacute; elevada por causa da intensa disputa entre as operadoras.<\/p>\n<p>Outro motivo, disse o superintendente, foi o fato de a Anatel ter misturado &aacute;reas mais atraentes para as companhias telef&ocirc;nicas (estados com maior popula&ccedil;&atilde;o) a regi&otilde;es menos povoadas e que despertam menos interesse das empresas. Isso, ressaltou, aumentou as ofertas.<\/p>\n<p>A &aacute;rea de S&atilde;o Paulo, cuja licita&ccedil;&atilde;o est&aacute; prevista para hoje (19), tamb&eacute;m deve ser bastante competitiva, pelo fato de o estado ser o maior mercado para a telefonia. Segundo Valente, apesar de o edital do leil&atilde;o permitir o parcelamento de at&eacute; 90% do pre&ccedil;o vencedor, as empresas dever&atilde;o pagar o valor &agrave; vista, porque tomar&atilde;o dinheiro a juro mais barato no exterior, e quitar a conta.<\/p>\n<p>Pelo edital, as empresas vencedoras podem pagar &agrave; Anatel 10% do pre&ccedil;o vencedor. No quarto ano ap&oacute;s a compra, elas come&ccedil;ar&atilde;o a pagar o restante do valor dividido em etapas de 15% anuais, com corre&ccedil;&atilde;o no IGP-DI e taxa de juros (Selic). Por isso, segundo Valente, a tend&ecirc;ncia &eacute; o governo receber &agrave; vista.<\/p>\n<p>No primeiro dia do leil&atilde;o, foram vendidos os lotes para a Regi&atilde;o 1, que envolve Rio de Janeiro, Bahia, Sergipe e Esp&iacute;rito Santo. Nessa &aacute;rea, v&atilde;o operar no sistema 3G as operadoras Tim, Oi, Vivo e Claro.<\/p>\n<p>A primeira das quatro bandas da Regi&atilde;o 2 tamb&eacute;m foi licitada ontem (18) e arrematada pela Vivo. A regi&atilde;o engloba Distrito Federal, Rio Grande do Sul, Santa Catarina, Paran&aacute;, Mato Grosso do Sul, Mato Grosso, Goi&aacute;s, Tocantins, Rond&ocirc;nia e Acre. As tr&ecirc;s outras bandas da Regi&atilde;o 2 ser&atilde;o leiloadas hoje a partir das 9h.<\/p>\n<p>A Anatel disp&otilde;e ainda da Banda H e de outra banda na &aacute;rea de 10 megahertz, que poder&aacute; ser leiloada no pr&oacute;ximo ano, as quais tamb&eacute;m envolvem freq&uuml;&ecirc;ncia capaz de trabalhar com recursos de &uacute;ltima gera&ccedil;&atilde;o.<\/p>\n","protected":false},"excerpt":{"rendered":"<p>Bras&iacute;lia &#8211; O custo do telefone celular poder&aacute; cair em mais da metade no pr&oacute;ximo ano com a entrada em opera&ccedil;&atilde;o do sistema 3G, de telefonia de terceira gera&ccedil;&atilde;o, cujas freq&uuml;&ecirc;ncias come&ccedil;aram a ser leiloadas ontem (18) pela Ag&ecirc;ncia Nacional de Telecomunica&ccedil;&otilde;es (Anatel). A estimativa &eacute; do superintendente de Servi&ccedil;os Privados da ag&ecirc;ncia, Jarbas Jos&eacute; &hellip; <a href=\"https:\/\/obscom.intervozes.org.br\/?p=20096\" class=\"more-link\">Continue lendo <span class=\"screen-reader-text\">Pre\u00e7o da liga\u00e7\u00e3o de celular pode cair \u00e0 metade em 2008, estima Anatel<\/span> <span class=\"meta-nav\">&rarr;<\/span><\/a><\/p>\n","protected":false},"author":1,"featured_media":0,"comment_status":"open","ping_status":"open","sticky":false,"template":"","format":"standard","meta":{"footnotes":""},"categories":[40],"tags":[134],"_links":{"self":[{"href":"https:\/\/obscom.intervozes.org.br\/index.php?rest_route=\/wp\/v2\/posts\/20096"}],"collection":[{"href":"https:\/\/obscom.intervozes.org.br\/index.php?rest_route=\/wp\/v2\/posts"}],"about":[{"href":"https:\/\/obscom.intervozes.org.br\/index.php?rest_route=\/wp\/v2\/types\/post"}],"author":[{"embeddable":true,"href":"https:\/\/obscom.intervozes.org.br\/index.php?rest_route=\/wp\/v2\/users\/1"}],"replies":[{"embeddable":true,"href":"https:\/\/obscom.intervozes.org.br\/index.php?rest_route=%2Fwp%2Fv2%2Fcomments&post=20096"}],"version-history":[{"count":0,"href":"https:\/\/obscom.intervozes.org.br\/index.php?rest_route=\/wp\/v2\/posts\/20096\/revisions"}],"wp:attachment":[{"href":"https:\/\/obscom.intervozes.org.br\/index.php?rest_route=%2Fwp%2Fv2%2Fmedia&parent=20096"}],"wp:term":[{"taxonomy":"category","embeddable":true,"href":"https:\/\/obscom.intervozes.org.br\/index.php?rest_route=%2Fwp%2Fv2%2Fcategories&post=20096"},{"taxonomy":"post_tag","embeddable":true,"href":"https:\/\/obscom.intervozes.org.br\/index.php?rest_route=%2Fwp%2Fv2%2Ftags&post=20096"}],"curies":[{"name":"wp","href":"https:\/\/api.w.org\/{rel}","templated":true}]}}