{"id":20084,"date":"2007-12-18T14:06:20","date_gmt":"2007-12-18T14:06:20","guid":{"rendered":"https:\/\/obscom.intervozes.org.br\/wordpress\/?p=20084"},"modified":"2007-12-18T14:06:20","modified_gmt":"2007-12-18T14:06:20","slug":"audiencia-na-camara-discute-mudancas-nas-metas-de-universalizacao-das-teles-fixas","status":"publish","type":"post","link":"https:\/\/obscom.intervozes.org.br\/?p=20084","title":{"rendered":"Audi\u00eancia na C\u00e2mara discute mudan\u00e7as nas metas de universaliza\u00e7\u00e3o das teles fixas"},"content":{"rendered":"<p>A Comiss&atilde;o de Ci&ecirc;ncia e Tecnologia, Comunica&ccedil;&atilde;o e Inform&aacute;tica realiza audi&ecirc;ncia p&uacute;blica na quarta-feira (19) para discutir a proposta da Ag&ecirc;ncia Nacional de Telecomunica&ccedil;&otilde;es (Anatel) de trocar as metas de universaliza&ccedil;&atilde;o dos servi&ccedil;os de telefonia fixa por investimentos em infra-estrutura de internet de banda larga. A inten&ccedil;&atilde;o &eacute; mudar o decreto 4769\/03, que institui novas metas para o Plano Geral de Metas de Universaliza&ccedil;&atilde;o (PGMU), para substituir a instala&ccedil;&atilde;o de postos de servi&ccedil;os de telecomunica&ccedil;&otilde;es (PSTs) pela extens&atilde;o do backhaul (estrada de banda larga) para internet. O PST &eacute; um conjunto de instala&ccedil;&otilde;es de uso coletivo, mantido pela concession&aacute;ria, onde deve haver orelh&otilde;es, computadores com acesso &agrave; internet discada e fax. O debate foi proposto pelo deputado Walter Pinheiro (PT-BA).<\/p>\n<p>Foram convidados para a audi&ecirc;ncia&nbsp;o ministro das Comunica&ccedil;&otilde;es, H&eacute;lio Costa;&nbsp;o presidente da Ag&ecirc;ncia Nacional de Telecomunica&ccedil;&otilde;es (Anatel), Ronaldo Sardenberg;&nbsp;o presidente da Associa&ccedil;&atilde;o Brasileira de Concession&aacute;rias de Servi&ccedil;o Telef&ocirc;nico Fixo Comutado (Abrafix), Jos&eacute; Fernandes Pauletti;&nbsp;o representante do terceiro setor no Comit&ecirc; Gestor da Internet no Brasil (CGI.br), Gustavo Gindre;&nbsp;o coordenador do Grupo Interdisciplinar de Pol&iacute;ticas, Direito, Economia e Tecnologias das Comunica&ccedil;&otilde;es da Universidade de Bras&iacute;lia, Murilo Ramos;&nbsp;o chefe de gabinete Adjunto de Agenda da Presid&ecirc;ncia da Rep&uacute;blica, Cezar Alvarez;&nbsp;o prefeito da cidade de Sud Mennucci (SP), Celso Junqueira. <\/p>\n<p>A audi&ecirc;ncia est&aacute; marcada para as 14 horas. O plen&aacute;rio ainda n&atilde;o foi definido.<\/p>\n","protected":false},"excerpt":{"rendered":"<p>A Comiss&atilde;o de Ci&ecirc;ncia e Tecnologia, Comunica&ccedil;&atilde;o e Inform&aacute;tica realiza audi&ecirc;ncia p&uacute;blica na quarta-feira (19) para discutir a proposta da Ag&ecirc;ncia Nacional de Telecomunica&ccedil;&otilde;es (Anatel) de trocar as metas de universaliza&ccedil;&atilde;o dos servi&ccedil;os de telefonia fixa por investimentos em infra-estrutura de internet de banda larga. A inten&ccedil;&atilde;o &eacute; mudar o decreto 4769\/03, que institui novas &hellip; <a href=\"https:\/\/obscom.intervozes.org.br\/?p=20084\" class=\"more-link\">Continue lendo <span class=\"screen-reader-text\">Audi\u00eancia na C\u00e2mara discute mudan\u00e7as nas metas de universaliza\u00e7\u00e3o das teles fixas<\/span> <span class=\"meta-nav\">&rarr;<\/span><\/a><\/p>\n","protected":false},"author":1,"featured_media":0,"comment_status":"open","ping_status":"open","sticky":false,"template":"","format":"standard","meta":{"footnotes":""},"categories":[39],"tags":[],"_links":{"self":[{"href":"https:\/\/obscom.intervozes.org.br\/index.php?rest_route=\/wp\/v2\/posts\/20084"}],"collection":[{"href":"https:\/\/obscom.intervozes.org.br\/index.php?rest_route=\/wp\/v2\/posts"}],"about":[{"href":"https:\/\/obscom.intervozes.org.br\/index.php?rest_route=\/wp\/v2\/types\/post"}],"author":[{"embeddable":true,"href":"https:\/\/obscom.intervozes.org.br\/index.php?rest_route=\/wp\/v2\/users\/1"}],"replies":[{"embeddable":true,"href":"https:\/\/obscom.intervozes.org.br\/index.php?rest_route=%2Fwp%2Fv2%2Fcomments&post=20084"}],"version-history":[{"count":0,"href":"https:\/\/obscom.intervozes.org.br\/index.php?rest_route=\/wp\/v2\/posts\/20084\/revisions"}],"wp:attachment":[{"href":"https:\/\/obscom.intervozes.org.br\/index.php?rest_route=%2Fwp%2Fv2%2Fmedia&parent=20084"}],"wp:term":[{"taxonomy":"category","embeddable":true,"href":"https:\/\/obscom.intervozes.org.br\/index.php?rest_route=%2Fwp%2Fv2%2Fcategories&post=20084"},{"taxonomy":"post_tag","embeddable":true,"href":"https:\/\/obscom.intervozes.org.br\/index.php?rest_route=%2Fwp%2Fv2%2Ftags&post=20084"}],"curies":[{"name":"wp","href":"https:\/\/api.w.org\/{rel}","templated":true}]}}