{"id":20082,"date":"2007-12-18T13:59:05","date_gmt":"2007-12-18T13:59:05","guid":{"rendered":"https:\/\/obscom.intervozes.org.br\/wordpress\/?p=20082"},"modified":"2007-12-18T13:59:05","modified_gmt":"2007-12-18T13:59:05","slug":"tv-camara-recebe-autorizacao-para-transmissao-digital-em-sao-paulo","status":"publish","type":"post","link":"https:\/\/obscom.intervozes.org.br\/?p=20082","title":{"rendered":"TV C\u00e2mara recebe autoriza\u00e7\u00e3o para transmiss\u00e3o digital em S\u00e3o Paulo"},"content":{"rendered":"<p>O ministro das Comunica&ccedil;&otilde;es, H&eacute;lio Costa, assina hoje, 18\/12, autoriza&ccedil;&atilde;o para a TV C&acirc;mara transmitir sua programa&ccedil;&atilde;o em sinal digital para a cidade de S&atilde;o Paulo. O presidente da C&acirc;mara, Arlindo Chinaglia, participa da cerim&ocirc;nia de assinatura no audit&oacute;rio da TV C&acirc;mara.<\/p>\n","protected":false},"excerpt":{"rendered":"<p>O ministro das Comunica&ccedil;&otilde;es, H&eacute;lio Costa, assina hoje, 18\/12, autoriza&ccedil;&atilde;o para a TV C&acirc;mara transmitir sua programa&ccedil;&atilde;o em sinal digital para a cidade de S&atilde;o Paulo. O presidente da C&acirc;mara, Arlindo Chinaglia, participa da cerim&ocirc;nia de assinatura no audit&oacute;rio da TV C&acirc;mara.<\/p>\n","protected":false},"author":1,"featured_media":0,"comment_status":"open","ping_status":"open","sticky":false,"template":"","format":"standard","meta":{"footnotes":""},"categories":[39],"tags":[],"_links":{"self":[{"href":"https:\/\/obscom.intervozes.org.br\/index.php?rest_route=\/wp\/v2\/posts\/20082"}],"collection":[{"href":"https:\/\/obscom.intervozes.org.br\/index.php?rest_route=\/wp\/v2\/posts"}],"about":[{"href":"https:\/\/obscom.intervozes.org.br\/index.php?rest_route=\/wp\/v2\/types\/post"}],"author":[{"embeddable":true,"href":"https:\/\/obscom.intervozes.org.br\/index.php?rest_route=\/wp\/v2\/users\/1"}],"replies":[{"embeddable":true,"href":"https:\/\/obscom.intervozes.org.br\/index.php?rest_route=%2Fwp%2Fv2%2Fcomments&post=20082"}],"version-history":[{"count":0,"href":"https:\/\/obscom.intervozes.org.br\/index.php?rest_route=\/wp\/v2\/posts\/20082\/revisions"}],"wp:attachment":[{"href":"https:\/\/obscom.intervozes.org.br\/index.php?rest_route=%2Fwp%2Fv2%2Fmedia&parent=20082"}],"wp:term":[{"taxonomy":"category","embeddable":true,"href":"https:\/\/obscom.intervozes.org.br\/index.php?rest_route=%2Fwp%2Fv2%2Fcategories&post=20082"},{"taxonomy":"post_tag","embeddable":true,"href":"https:\/\/obscom.intervozes.org.br\/index.php?rest_route=%2Fwp%2Fv2%2Ftags&post=20082"}],"curies":[{"name":"wp","href":"https:\/\/api.w.org\/{rel}","templated":true}]}}