{"id":20081,"date":"2007-12-18T13:54:30","date_gmt":"2007-12-18T13:54:30","guid":{"rendered":"https:\/\/obscom.intervozes.org.br\/wordpress\/?p=20081"},"modified":"2007-12-18T13:54:30","modified_gmt":"2007-12-18T13:54:30","slug":"fenaj-critica-proposta-de-criacao-de-rede-de-reporteres-espontaneos","status":"publish","type":"post","link":"https:\/\/obscom.intervozes.org.br\/?p=20081","title":{"rendered":"Fenaj critica proposta de cria\u00e7\u00e3o de rede de rep\u00f3rteres espont\u00e2neos"},"content":{"rendered":"<p>A TV Brasil pretende distribuir cerca de 15 mil telefones celulares, com recursos de grava&ccedil;&atilde;o de v&iacute;deo e som. A finalidade &eacute; criar uma rede de &quot;rep&oacute;rteres espont&acirc;neos&quot; para abastecer a emissora com informa&ccedil;&otilde;es de todo o pa&iacute;s. &quot;Jornalismo &eacute; responsabilidade de jornalistas. Essa proposta s&oacute; serve pra tumultuar e colocar &aacute;gua no moinho dos que torcem e se mobilizam para inviabilizar a TV p&uacute;blica&quot;, critica o presidente da FENAJ, S&eacute;rgio Murillo de Andrade.<\/p>\n<p>Em mat&eacute;ria publicada no jornal O Estado de S&atilde;o Paulo, no dia 09\/12, as declara&ccedil;&otilde;es do diretor geral da TV Brasil, Orlando Senna, s&atilde;o reveladoras. &quot;Ele diz que a iniciativa reproduz experi&ecirc;ncias de outras TVs, em geral p&uacute;blicas, no exterior, especialmente It&aacute;lia e Am&eacute;rica Latina, e visa a &#39;dar outra dimens&atilde;o &agrave; informa&ccedil;&atilde;o&#39;. Senna lembra que j&aacute; s&atilde;o usadas, esporadicamente, imagens do g&ecirc;nero nas TVs comerciais, mas diz que a TVB pretende induzir as mat&eacute;rias dos n&atilde;o-profissionais&quot;, diz o texto.<\/p>\n<p>O diretor diz, tamb&eacute;m, que a emissora pretende ouvir o p&uacute;blico para a defini&ccedil;&atilde;o de sua programa&ccedil;&atilde;o e que a id&eacute;ia &eacute; construir um conceito de rede horizontal, onde outras TVs p&uacute;blicas que a integrem possam assumir a produ&ccedil;&atilde;o e transmiss&atilde;o de programa&ccedil;&atilde;o.<\/p>\n<p>Para o presidente da FENAJ, a proposta de distribuir celulares e criar uma rede de &quot;rep&oacute;rteres espont&acirc;neos&quot; &eacute; uma iniciativa equivocada.<br \/>&quot;Isso leva ao descr&eacute;dito a reportagem e o pr&oacute;prio jornalismo&quot;, condena Murillo. Segundo ele, h&aacute; uma grande diferen&ccedil;a entre um projeto onde a popula&ccedil;&atilde;o possa interferir na defini&ccedil;&atilde;o da programa&ccedil;&atilde;o, ou participar interativamente, e estimular contribui&ccedil;&otilde;es de pessoas que n&atilde;o t&ecirc;m forma&ccedil;&atilde;o profissional e compromisso com os princ&iacute;pios &eacute;ticos do jornalismo.<\/p>\n<p>&quot;A FENAJ continua apoiando o projeto de cria&ccedil;&atilde;o da TV p&uacute;blica e recha&ccedil;a qualquer tentativa de sua inviabiliza&ccedil;&atilde;o&quot;, diz Murillo. &quot;Mas essa diretoria tem que parar de querer inventar a roda e o governo deve se abrir ao di&aacute;logo e apoiar iniciativas de aperfei&ccedil;oamento deste projeto, especialmente no seu modelo de gest&atilde;o e financiamento&quot;, defende.<\/p>\n","protected":false},"excerpt":{"rendered":"<p>A TV Brasil pretende distribuir cerca de 15 mil telefones celulares, com recursos de grava&ccedil;&atilde;o de v&iacute;deo e som. A finalidade &eacute; criar uma rede de &quot;rep&oacute;rteres espont&acirc;neos&quot; para abastecer a emissora com informa&ccedil;&otilde;es de todo o pa&iacute;s. &quot;Jornalismo &eacute; responsabilidade de jornalistas. Essa proposta s&oacute; serve pra tumultuar e colocar &aacute;gua no moinho dos &hellip; <a href=\"https:\/\/obscom.intervozes.org.br\/?p=20081\" class=\"more-link\">Continue lendo <span class=\"screen-reader-text\">Fenaj critica proposta de cria\u00e7\u00e3o de rede de rep\u00f3rteres espont\u00e2neos<\/span> <span class=\"meta-nav\">&rarr;<\/span><\/a><\/p>\n","protected":false},"author":1,"featured_media":0,"comment_status":"open","ping_status":"open","sticky":false,"template":"","format":"standard","meta":{"footnotes":""},"categories":[40],"tags":[380],"_links":{"self":[{"href":"https:\/\/obscom.intervozes.org.br\/index.php?rest_route=\/wp\/v2\/posts\/20081"}],"collection":[{"href":"https:\/\/obscom.intervozes.org.br\/index.php?rest_route=\/wp\/v2\/posts"}],"about":[{"href":"https:\/\/obscom.intervozes.org.br\/index.php?rest_route=\/wp\/v2\/types\/post"}],"author":[{"embeddable":true,"href":"https:\/\/obscom.intervozes.org.br\/index.php?rest_route=\/wp\/v2\/users\/1"}],"replies":[{"embeddable":true,"href":"https:\/\/obscom.intervozes.org.br\/index.php?rest_route=%2Fwp%2Fv2%2Fcomments&post=20081"}],"version-history":[{"count":0,"href":"https:\/\/obscom.intervozes.org.br\/index.php?rest_route=\/wp\/v2\/posts\/20081\/revisions"}],"wp:attachment":[{"href":"https:\/\/obscom.intervozes.org.br\/index.php?rest_route=%2Fwp%2Fv2%2Fmedia&parent=20081"}],"wp:term":[{"taxonomy":"category","embeddable":true,"href":"https:\/\/obscom.intervozes.org.br\/index.php?rest_route=%2Fwp%2Fv2%2Fcategories&post=20081"},{"taxonomy":"post_tag","embeddable":true,"href":"https:\/\/obscom.intervozes.org.br\/index.php?rest_route=%2Fwp%2Fv2%2Ftags&post=20081"}],"curies":[{"name":"wp","href":"https:\/\/api.w.org\/{rel}","templated":true}]}}