{"id":20079,"date":"2007-09-24T00:00:00","date_gmt":"2007-09-24T00:00:00","guid":{"rendered":"https:\/\/obscom.intervozes.org.br\/wordpress\/?p=20079"},"modified":"2007-09-24T00:00:00","modified_gmt":"2007-09-24T00:00:00","slug":"dossie-avalia-situacao-das-mulheres-negras-na-midia","status":"publish","type":"post","link":"https:\/\/obscom.intervozes.org.br\/?p=20079","title":{"rendered":"Dossi\u00ea avalia situa\u00e7\u00e3o das mulheres negras na m\u00eddia"},"content":{"rendered":"<p style=\"margin: 0cm 0cm 0pt\" class=\"MsoNormal\"><span>O Dossi&ecirc; sobre a situa&ccedil;&atilde;o das Mulheres Negras Brasileiras, preparado pela Articula&ccedil;&atilde;o de Organiza&ccedil;&otilde;es de Mulheres Negras Brasileiras &ndash; AMNB foi lan&ccedil;ado em julho &uacute;ltimo e apresentado em audi&ecirc;ncia &agrave; Comiss&atilde;o de Direitos Humanos da Organiza&ccedil;&atilde;o dos Estados Americanos &ndash; OEA. &ldquo;A audi&ecirc;ncia foi em julho, em Washington, e agora, o governo Brasileiro tem um tempo para responder &agrave;s den&uacute;ncias que fizemos. Em seguida, relatores da OEA devem visitar o pa&iacute;s para constatar poss&iacute;veis mudan&ccedil;as no quadro e fazer recomenda&ccedil;&otilde;es ao governo brasileiro&rdquo;, informa Nilza Iraci, integrante da AMNB e respons&aacute;vel pela coordena&ccedil;&atilde;o geral do projeto.<\/p>\n<p><\/span><span>O dossi&ecirc; avalia a situa&ccedil;&atilde;o das mulheres negras no Brasil em respeito a diversos campos, como desenvolvimento, trabalho, renda e pobreza, educa&ccedil;&atilde;o, sa&uacute;de, viol&ecirc;ncia, religi&atilde;o, meio ambiente, participa&ccedil;&atilde;o nos espa&ccedil;os de poder. Avalia tamb&eacute;m a imagem e a representa&ccedil;&atilde;o das mulheres negras na comunica&ccedil;&atilde;o.<\/p>\n<p><\/span><span>O documento recupera a centralidade da comunica&ccedil;&atilde;o na forma&ccedil;&atilde;o de valores e no refor&ccedil;o ao preconceito na sociedade e analisa diferentes pesquisas que apontam &ldquo;a naturaliza&ccedil;&atilde;o do racismo e do sexismo na m&iacute;dia que reproduz sistematizacamente os esteri&oacute;tipos e estigmas sobre a mulher e em especial sobre as mulheres negras, trazendo preju&iacute;zos para a afirma&ccedil;&atilde;o de sua identidade racial e valoriza&ccedil;&atilde;o social&rdquo;.<\/p>\n<p><\/span><span>O dossi&ecirc; questiona a invisibilidade dos negros na m&iacute;dia e aus&ecirc;ncia nos espa&ccedil;os produores de comunica&ccedil;&atilde;o e tamb&eacute;m a falta de valoriza&ccedil;&atilde;o da hist&oacute;ria e dca cultura afro-brasileiras. <\/p>\n<p><\/span><span>Uma das pesquisas que o documento recupera &eacute; a do livro &ldquo;A nega&ccedil;&atilde;o do Brasil&rdquo;, que demonstra que os atores afrodescendentes estiveram ausentes de cerca de 30% das telenovelas produzidas em quase 50 anos e, quando presentes, as mulheres negras est&atilde;o sempre em pap&eacute;is das esferas da subalternidade e da sensualidade.<\/p>\n<p><\/span><span>Mesmo na TV p&uacute;blica, como demonstra outro levantamento levado &agrave; OEA pelo dossi&ecirc;, a pesquisa &ldquo;Onde est&aacute; o negro da TV p&uacute;blica&rdquo;, realizada pela Funda&ccedil;&atilde;o Palmares, que constatou que 82% da programa&ccedil;&atilde;o n&atilde;o apresenta tem&aacute;ticas sobre a ra&ccedil;a ou a cultura negras. <\/p>\n<p><\/span><span>As den&uacute;ncias e a invisibilidade se estendem tamb&eacute;m para o campo da publicidade. O dossi&ecirc; apresenta a an&aacute;lise realizada pela pesquisadora Juliana Botelho no Conselho Nacional de Autoregulamenta&ccedil;&atilde;o Publicit&aacute;ria &#8211; Conar, onde est&atilde;o registradas 31 den&uacute;ncias de discrimina&ccedil;&atilde;o racial\/&eacute;tnica e outras muitas arquivadas por n&atilde;o reconhecimento do m&eacute;rito: 70,96% das den&uacute;ncias enviadas em 26 anos.<\/p>\n<p><\/span><span>Nos anexos do documento, s&atilde;o apresentadas v&aacute;rias reportagens de jornais e revistas e algumas pe&ccedil;as publicit&aacute;rias que ilustram o cen&aacute;rio apresentado nos textos.<\/span><\/p>\n","protected":false},"excerpt":{"rendered":"<p>O Dossi&ecirc; sobre a situa&ccedil;&atilde;o das Mulheres Negras Brasileiras, preparado pela Articula&ccedil;&atilde;o de Organiza&ccedil;&otilde;es de Mulheres Negras Brasileiras &ndash; AMNB foi lan&ccedil;ado em julho &uacute;ltimo e apresentado em audi&ecirc;ncia &agrave; Comiss&atilde;o de Direitos Humanos da Organiza&ccedil;&atilde;o dos Estados Americanos &ndash; OEA. &ldquo;A audi&ecirc;ncia foi em julho, em Washington, e agora, o governo Brasileiro tem um &hellip; <a href=\"https:\/\/obscom.intervozes.org.br\/?p=20079\" class=\"more-link\">Continue lendo <span class=\"screen-reader-text\">Dossi\u00ea avalia situa\u00e7\u00e3o das mulheres negras na m\u00eddia<\/span> <span class=\"meta-nav\">&rarr;<\/span><\/a><\/p>\n","protected":false},"author":1,"featured_media":0,"comment_status":"open","ping_status":"open","sticky":false,"template":"","format":"standard","meta":{"footnotes":""},"categories":[40],"tags":[579],"_links":{"self":[{"href":"https:\/\/obscom.intervozes.org.br\/index.php?rest_route=\/wp\/v2\/posts\/20079"}],"collection":[{"href":"https:\/\/obscom.intervozes.org.br\/index.php?rest_route=\/wp\/v2\/posts"}],"about":[{"href":"https:\/\/obscom.intervozes.org.br\/index.php?rest_route=\/wp\/v2\/types\/post"}],"author":[{"embeddable":true,"href":"https:\/\/obscom.intervozes.org.br\/index.php?rest_route=\/wp\/v2\/users\/1"}],"replies":[{"embeddable":true,"href":"https:\/\/obscom.intervozes.org.br\/index.php?rest_route=%2Fwp%2Fv2%2Fcomments&post=20079"}],"version-history":[{"count":0,"href":"https:\/\/obscom.intervozes.org.br\/index.php?rest_route=\/wp\/v2\/posts\/20079\/revisions"}],"wp:attachment":[{"href":"https:\/\/obscom.intervozes.org.br\/index.php?rest_route=%2Fwp%2Fv2%2Fmedia&parent=20079"}],"wp:term":[{"taxonomy":"category","embeddable":true,"href":"https:\/\/obscom.intervozes.org.br\/index.php?rest_route=%2Fwp%2Fv2%2Fcategories&post=20079"},{"taxonomy":"post_tag","embeddable":true,"href":"https:\/\/obscom.intervozes.org.br\/index.php?rest_route=%2Fwp%2Fv2%2Ftags&post=20079"}],"curies":[{"name":"wp","href":"https:\/\/api.w.org\/{rel}","templated":true}]}}