{"id":20075,"date":"2007-12-17T16:25:35","date_gmt":"2007-12-17T16:25:35","guid":{"rendered":"https:\/\/obscom.intervozes.org.br\/wordpress\/?p=20075"},"modified":"2007-12-17T16:25:35","modified_gmt":"2007-12-17T16:25:35","slug":"anatel-realiza-leilao-de-frequencias-para-telefonia-3g","status":"publish","type":"post","link":"https:\/\/obscom.intervozes.org.br\/?p=20075","title":{"rendered":"Anatel realiza leil\u00e3o de freq\u00fc\u00eancias para telefonia 3G"},"content":{"rendered":"<p><span class=\"FonteSite\"><\/p>\n<div align=\"justify\">Bras&iacute;lia &ndash; O leil&atilde;o das freq&uuml;&ecirc;ncias da terceira gera&ccedil;&atilde;o da telefonia m&oacute;vel (3G) acontece nesta ter&ccedil;a-feira (18\/12), &agrave;s 10h, no Audit&oacute;rio do Espa&ccedil;o Cultural da Anatel (Ag&ecirc;ncia Nacional de Telecomunica&ccedil;&otilde;es). O prazo para apresenta&ccedil;&atilde;o das propostas encerrou-se no dia 11\/12 e nove prestadoras v&atilde;o disputar o processo.<\/p>\n<p>O edital da licita&ccedil;&atilde;o foi elaborado em conjunto com o MC para levar o servi&ccedil;o de telefonia m&oacute;vel a todos os 5.565 munic&iacute;pios do pa&iacute;s. O texto foi elaborado de modo a contemplar inclusive aqueles com menos de 30 mil habitantes.<\/p>\n<p>Para atingir essa meta, o edital foi dividido em onze &aacute;reas, juntando regi&otilde;es consideradas economicamente menos atrativas com locais de maior interesse.&nbsp; Assim, a concession&aacute;ria que comprar a freq&uuml;&ecirc;ncia para a regi&atilde;o metropolitana de S&atilde;o Paulo, por exemplo, leva junto a Regi&atilde;o Amaz&ocirc;nica (Amazonas, Amap&aacute;, Par&aacute;, Maranh&atilde;o e Roraima).<\/p>\n<p>De acordo com a proposta, as cidades maiores receber&atilde;o a tecnologia 3G, que permite a transmiss&atilde;o de dados em alta velocidade. O aparelho pode ser transformado em um mini-computador, com converg&ecirc;ncia tecnol&oacute;gica e servi&ccedil;os de dados e voz. No caso dos pequenos munic&iacute;pios, as prestadoras podem optar por oferecer a tecnologia 2G.<\/p><\/div>\n<p><\/span><\/p>\n","protected":false},"excerpt":{"rendered":"<p>Bras&iacute;lia &ndash; O leil&atilde;o das freq&uuml;&ecirc;ncias da terceira gera&ccedil;&atilde;o da telefonia m&oacute;vel (3G) acontece nesta ter&ccedil;a-feira (18\/12), &agrave;s 10h, no Audit&oacute;rio do Espa&ccedil;o Cultural da Anatel (Ag&ecirc;ncia Nacional de Telecomunica&ccedil;&otilde;es). O prazo para apresenta&ccedil;&atilde;o das propostas encerrou-se no dia 11\/12 e nove prestadoras v&atilde;o disputar o processo. O edital da licita&ccedil;&atilde;o foi elaborado em conjunto &hellip; <a href=\"https:\/\/obscom.intervozes.org.br\/?p=20075\" class=\"more-link\">Continue lendo <span class=\"screen-reader-text\">Anatel realiza leil\u00e3o de freq\u00fc\u00eancias para telefonia 3G<\/span> <span class=\"meta-nav\">&rarr;<\/span><\/a><\/p>\n","protected":false},"author":1,"featured_media":0,"comment_status":"open","ping_status":"open","sticky":false,"template":"","format":"standard","meta":{"footnotes":""},"categories":[40],"tags":[107],"_links":{"self":[{"href":"https:\/\/obscom.intervozes.org.br\/index.php?rest_route=\/wp\/v2\/posts\/20075"}],"collection":[{"href":"https:\/\/obscom.intervozes.org.br\/index.php?rest_route=\/wp\/v2\/posts"}],"about":[{"href":"https:\/\/obscom.intervozes.org.br\/index.php?rest_route=\/wp\/v2\/types\/post"}],"author":[{"embeddable":true,"href":"https:\/\/obscom.intervozes.org.br\/index.php?rest_route=\/wp\/v2\/users\/1"}],"replies":[{"embeddable":true,"href":"https:\/\/obscom.intervozes.org.br\/index.php?rest_route=%2Fwp%2Fv2%2Fcomments&post=20075"}],"version-history":[{"count":0,"href":"https:\/\/obscom.intervozes.org.br\/index.php?rest_route=\/wp\/v2\/posts\/20075\/revisions"}],"wp:attachment":[{"href":"https:\/\/obscom.intervozes.org.br\/index.php?rest_route=%2Fwp%2Fv2%2Fmedia&parent=20075"}],"wp:term":[{"taxonomy":"category","embeddable":true,"href":"https:\/\/obscom.intervozes.org.br\/index.php?rest_route=%2Fwp%2Fv2%2Fcategories&post=20075"},{"taxonomy":"post_tag","embeddable":true,"href":"https:\/\/obscom.intervozes.org.br\/index.php?rest_route=%2Fwp%2Fv2%2Ftags&post=20075"}],"curies":[{"name":"wp","href":"https:\/\/api.w.org\/{rel}","templated":true}]}}