{"id":20070,"date":"2007-12-17T15:35:06","date_gmt":"2007-12-17T15:35:06","guid":{"rendered":"https:\/\/obscom.intervozes.org.br\/wordpress\/?p=20070"},"modified":"2007-12-17T15:35:06","modified_gmt":"2007-12-17T15:35:06","slug":"orgaos-do-governo-holandes-sao-obrigados-a-usar-softwares-livres","status":"publish","type":"post","link":"https:\/\/obscom.intervozes.org.br\/?p=20070","title":{"rendered":"\u00d3rg\u00e3os do governo holand\u00eas s\u00e3o obrigados a usar softwares livres"},"content":{"rendered":"<p>O governo holand&ecirc;s determinou que, at&eacute; abril de 2008, todos os seus &oacute;rg&atilde;os passem a usar softwares livres. De acordo com um projeto aprovado na quarta-feira (12), as institui&ccedil;&otilde;es governamentais apenas poder&atilde;o usam softwares propriet&aacute;rios se justificarem o porqu&ecirc; da necessidade dessa utiliza&ccedil;&atilde;o. <\/p>\n<p>Certamente, a maior prejudicada pela medida &eacute; a Microsoft, que domina uma enorme fatia desse mercado. A partir de agora, o governo do pa&iacute;s ter&aacute; de aposentar por exemplo os programas do pacote Office e o sistema Windows e passar a utilizar as vers&otilde;es gratuitas, al&eacute;m de adotar sistemas como o Mozila Firefox para o acesso &agrave; internet, em detrimento do Internet Explorer, da empresa de Bill Gates. <\/p>\n<p>Os arquivos devem come&ccedil;ar a ser salvos no formato Open Document Format (ODF), que &eacute; praticamente padr&atilde;o para aplicativos livres. <\/p>\n<p>O ministro de Rela&ccedil;&otilde;es Econ&ocirc;micas, Edwin van Scherrenburg, disse ontem que a expectativa &eacute; economizar US$ 8,8 milh&otilde;es (R$ 15,6 milh&otilde;es) por ano, devido aos menores gastos com licen&ccedil;as. Esse valor refere-se apenas ao uso do padr&atilde;o ODF. <\/p>\n<p>O ministro holand&ecirc;s tamb&eacute;m anunciou planos de criar um &oacute;rg&atilde;o que ajude as institui&ccedil;&otilde;es do governo na ado&ccedil;&atilde;o dos novos softwares livres e tamb&eacute;m de uma ag&ecirc;ncia que fiscalize se a determina&ccedil;&atilde;o est&aacute; sendo cumprida. <\/p>\n","protected":false},"excerpt":{"rendered":"<p>O governo holand&ecirc;s determinou que, at&eacute; abril de 2008, todos os seus &oacute;rg&atilde;os passem a usar softwares livres. De acordo com um projeto aprovado na quarta-feira (12), as institui&ccedil;&otilde;es governamentais apenas poder&atilde;o usam softwares propriet&aacute;rios se justificarem o porqu&ecirc; da necessidade dessa utiliza&ccedil;&atilde;o. Certamente, a maior prejudicada pela medida &eacute; a Microsoft, que domina uma &hellip; <a href=\"https:\/\/obscom.intervozes.org.br\/?p=20070\" class=\"more-link\">Continue lendo <span class=\"screen-reader-text\">\u00d3rg\u00e3os do governo holand\u00eas s\u00e3o obrigados a usar softwares livres<\/span> <span class=\"meta-nav\">&rarr;<\/span><\/a><\/p>\n","protected":false},"author":1,"featured_media":0,"comment_status":"open","ping_status":"open","sticky":false,"template":"","format":"standard","meta":{"footnotes":""},"categories":[40],"tags":[576],"_links":{"self":[{"href":"https:\/\/obscom.intervozes.org.br\/index.php?rest_route=\/wp\/v2\/posts\/20070"}],"collection":[{"href":"https:\/\/obscom.intervozes.org.br\/index.php?rest_route=\/wp\/v2\/posts"}],"about":[{"href":"https:\/\/obscom.intervozes.org.br\/index.php?rest_route=\/wp\/v2\/types\/post"}],"author":[{"embeddable":true,"href":"https:\/\/obscom.intervozes.org.br\/index.php?rest_route=\/wp\/v2\/users\/1"}],"replies":[{"embeddable":true,"href":"https:\/\/obscom.intervozes.org.br\/index.php?rest_route=%2Fwp%2Fv2%2Fcomments&post=20070"}],"version-history":[{"count":0,"href":"https:\/\/obscom.intervozes.org.br\/index.php?rest_route=\/wp\/v2\/posts\/20070\/revisions"}],"wp:attachment":[{"href":"https:\/\/obscom.intervozes.org.br\/index.php?rest_route=%2Fwp%2Fv2%2Fmedia&parent=20070"}],"wp:term":[{"taxonomy":"category","embeddable":true,"href":"https:\/\/obscom.intervozes.org.br\/index.php?rest_route=%2Fwp%2Fv2%2Fcategories&post=20070"},{"taxonomy":"post_tag","embeddable":true,"href":"https:\/\/obscom.intervozes.org.br\/index.php?rest_route=%2Fwp%2Fv2%2Ftags&post=20070"}],"curies":[{"name":"wp","href":"https:\/\/api.w.org\/{rel}","templated":true}]}}