{"id":20066,"date":"2007-12-17T14:49:17","date_gmt":"2007-12-17T14:49:17","guid":{"rendered":"https:\/\/obscom.intervozes.org.br\/wordpress\/?p=20066"},"modified":"2007-12-17T14:49:17","modified_gmt":"2007-12-17T14:49:17","slug":"minicom-barra-mudanca-de-classe-para-concessoes-recem-outorgadas","status":"publish","type":"post","link":"https:\/\/obscom.intervozes.org.br\/?p=20066","title":{"rendered":"Minicom barra mudan\u00e7a de classe para concess\u00f5es rec\u00e9m outorgadas"},"content":{"rendered":"<p>O ministro das Comunica&ccedil;&otilde;es, H&eacute;lio Costa, barrou hoje, por meio de portaria (n&deg; 692) publicada no Di&aacute;rio Oficial da Uni&atilde;o, a mudan&ccedil;a de classe dentro do servi&ccedil;o de radiodifus&atilde;o para as concess&otilde;es rec&eacute;m outorgadas. A medida n&atilde;o atinge a televis&atilde;o digital, apenas a anal&oacute;gica e tamb&eacute;m a radiodifus&atilde;o sonora (r&aacute;dio), em todas as freq&uuml;&ecirc;ncias e modalidades. <\/p>\n<p>Fonte especializada afirmou ao Telecom Online que a medida tem cunho moralizador e corretivo, pois a mudan&ccedil;a de classe, com ganhos como aumento de pot&ecirc;ncia e penetra&ccedil;&atilde;o, promove uma imediata valoriza&ccedil;&atilde;o no empreendimento. As regras em vigor permitem ao radiodifusor solicitar a troca de classe 15 dias ap&oacute;s estrear as transmiss&otilde;es, com fr&aacute;geis alega&ccedil;&otilde;es para dar sustenta&ccedil;&atilde;o t&eacute;cnica ao pleito. <\/p>\n<p>O problema &eacute; que uma emissora de classe mais baixa significa, no edital de licita&ccedil;&atilde;o, pre&ccedil;o m&iacute;nimo inferior &agrave; cota&ccedil;&atilde;o de outra hierarquicamente acima. A mudan&ccedil;a de classe na radiodifus&atilde;o corresponde &agrave; recente den&uacute;ncia de mudan&ccedil;a de destina&ccedil;&atilde;o de lotes fundi&aacute;rios no Distrito Federal, que provocou den&uacute;ncia de enriquecimento e manipula&ccedil;&atilde;o contra autoridades e parlamentares locais. Projetos eram aprovados pela C&acirc;mara Distrital para destinar lotes de baixo valor, adquiridos em licita&ccedil;&atilde;o, para com&eacute;rcio (posto de gasolina, por exemplo), de valor muito superior. <\/p>\n<p>A medida adotada por Costa cria um per&iacute;odo de capacita&ccedil;&atilde;o de cinco para o radiodifusor. Apenas depois disso, de acordo com a fonte, ser&aacute; poss&iacute;vel dar entrada &agrave; solicita&ccedil;&atilde;o de troca de classe &ndash; uma forma de impedir que interesses meramente econ&ocirc;mico-financeiro prevale&ccedil;am como atrativo de entrada na radiodifus&atilde;o. A medida atende a recomenda&ccedil;&otilde;es, que, segundo a fonte, vinham sendo sugeridas pela Comiss&atilde;o de Ci&ecirc;ncia, Tecnologia, Comunica&ccedil;&atilde;o e Inform&aacute;tica da C&acirc;mara e do Minist&eacute;rio P&uacute;blico.&nbsp;&nbsp;&nbsp;&nbsp;&nbsp;&nbsp; <\/p>\n","protected":false},"excerpt":{"rendered":"<p>O ministro das Comunica&ccedil;&otilde;es, H&eacute;lio Costa, barrou hoje, por meio de portaria (n&deg; 692) publicada no Di&aacute;rio Oficial da Uni&atilde;o, a mudan&ccedil;a de classe dentro do servi&ccedil;o de radiodifus&atilde;o para as concess&otilde;es rec&eacute;m outorgadas. A medida n&atilde;o atinge a televis&atilde;o digital, apenas a anal&oacute;gica e tamb&eacute;m a radiodifus&atilde;o sonora (r&aacute;dio), em todas as freq&uuml;&ecirc;ncias e &hellip; <a href=\"https:\/\/obscom.intervozes.org.br\/?p=20066\" class=\"more-link\">Continue lendo <span class=\"screen-reader-text\">Minicom barra mudan\u00e7a de classe para concess\u00f5es rec\u00e9m outorgadas<\/span> <span class=\"meta-nav\">&rarr;<\/span><\/a><\/p>\n","protected":false},"author":1,"featured_media":0,"comment_status":"open","ping_status":"open","sticky":false,"template":"","format":"standard","meta":{"footnotes":""},"categories":[40],"tags":[230],"_links":{"self":[{"href":"https:\/\/obscom.intervozes.org.br\/index.php?rest_route=\/wp\/v2\/posts\/20066"}],"collection":[{"href":"https:\/\/obscom.intervozes.org.br\/index.php?rest_route=\/wp\/v2\/posts"}],"about":[{"href":"https:\/\/obscom.intervozes.org.br\/index.php?rest_route=\/wp\/v2\/types\/post"}],"author":[{"embeddable":true,"href":"https:\/\/obscom.intervozes.org.br\/index.php?rest_route=\/wp\/v2\/users\/1"}],"replies":[{"embeddable":true,"href":"https:\/\/obscom.intervozes.org.br\/index.php?rest_route=%2Fwp%2Fv2%2Fcomments&post=20066"}],"version-history":[{"count":0,"href":"https:\/\/obscom.intervozes.org.br\/index.php?rest_route=\/wp\/v2\/posts\/20066\/revisions"}],"wp:attachment":[{"href":"https:\/\/obscom.intervozes.org.br\/index.php?rest_route=%2Fwp%2Fv2%2Fmedia&parent=20066"}],"wp:term":[{"taxonomy":"category","embeddable":true,"href":"https:\/\/obscom.intervozes.org.br\/index.php?rest_route=%2Fwp%2Fv2%2Fcategories&post=20066"},{"taxonomy":"post_tag","embeddable":true,"href":"https:\/\/obscom.intervozes.org.br\/index.php?rest_route=%2Fwp%2Fv2%2Ftags&post=20066"}],"curies":[{"name":"wp","href":"https:\/\/api.w.org\/{rel}","templated":true}]}}