{"id":20065,"date":"2007-12-17T14:44:28","date_gmt":"2007-12-17T14:44:28","guid":{"rendered":"https:\/\/obscom.intervozes.org.br\/wordpress\/?p=20065"},"modified":"2007-12-17T14:44:28","modified_gmt":"2007-12-17T14:44:28","slug":"conversores-e-tvs-ainda-nao-tem-bloqueio-a-gravacao","status":"publish","type":"post","link":"https:\/\/obscom.intervozes.org.br\/?p=20065","title":{"rendered":"Conversores e TVs ainda n\u00e3o t\u00eam bloqueio \u00e0 grava\u00e7\u00e3o"},"content":{"rendered":"<p>Rio &#8211; Os conversores e televisores que est&atilde;o no mercado hoje n&atilde;o t&ecirc;m qualquer tipo de bloqueio &agrave; grava&ccedil;&atilde;o pelo telespectador da programa&ccedil;&atilde;o exibida pela TV digital, o que n&atilde;o quer dizer que produtos a serem lan&ccedil;ados no futuro n&atilde;o sejam regulados por outras normas. &Eacute; que a restri&ccedil;&atilde;o &agrave; c&oacute;pia dos programas transmitidos pela TV digital em alta defini&ccedil;&atilde;o n&atilde;o foi aprovada na regulamenta&ccedil;&atilde;o dos atuais conversores e televisores, mas o debate em torno do assunto continua e ainda deve gerar pol&ecirc;mica. <\/p>\n<p>&#8211; Os conversores e televisores para as transmiss&otilde;es digitais hoje n&atilde;o podem ter bloqueio &agrave; grava&ccedil;&atilde;o dos programas em alta defini&ccedil;&atilde;o, pois a norma n&atilde;o contempla esse item. No entanto, como ainda se discute a quest&atilde;o na esfera governamental, &eacute; poss&iacute;vel que se crie algum tipo de chaveamento no futuro. Para os fabricantes, isso implicaria em implementar tecnologia, o que poderia encarecer o produto &#8211; disse Walter Duran, diretor de Tecnologia da Philips. <\/p>\n<p>Em coletiva &agrave; imprensa em Bras&iacute;lia, no fim de novembro, o ministro das Comunica&ccedil;&otilde;es, H&eacute;lio Costa, abordou, entre outros assuntos, o bloqueio &agrave; grava&ccedil;&atilde;o de programas em alta defini&ccedil;&atilde;o. Ele disse que o governo nunca pretendeu restringir a grava&ccedil;&atilde;o do que &eacute; transmitido pela televis&atilde;o, mas comentou que a indefini&ccedil;&atilde;o quanto aos direitos autorais prejudica a TV digital. <\/p>\n<p>Para as emissoras de TV, o bloqueio &agrave; grava&ccedil;&atilde;o seria uma forma de evitar a pirataria. As redes teriam interesse em restringir ao usu&aacute;rio a c&oacute;pia do conte&uacute;do transmitido em alta defini&ccedil;&atilde;o, o que incluiria filmes, novelas, jogos de futebol e telejornais. <\/p>\n<p>De acordo com a Associa&ccedil;&atilde;o Brasileira de Emissoras de R&aacute;dio e Televis&atilde;o (Abert), no entanto, o que &eacute; reivindicado pelas emissoras &eacute; a proibi&ccedil;&atilde;o da segunda c&oacute;pia, o que, para a entidade, n&atilde;o impediria que o telespectador gravasse o programa para assistir depois em sua casa. <\/p>\n<p><strong>Entidade de defesa do consumidor &eacute; contr&aacute;ria &agrave; proposta<\/p>\n<p><\/strong>O Instituto Brasileiro de Defesa do Consumidor (Idec) &eacute; contr&aacute;rio &agrave; proposta de bloqueio do conte&uacute;do transmitido pela TV digital. Para a entidade, a medida, se vier a ser tomada, representar&aacute; um cerceamento aos direitos do consumidor. <\/p>\n<p>Para o Idec, como a maior parte da programa&ccedil;&atilde;o transmitida nesse in&iacute;cio da TV digital no Brasil possui defini&ccedil;&atilde;o standard (SD), a discuss&atilde;o a respeito de autorizar ou n&atilde;o as grava&ccedil;&otilde;es em alta defini&ccedil;&atilde;o ainda n&atilde;o surgiu de forma mais relevante. No entanto, segundo o &oacute;rg&atilde;o, o assunto deve voltar ao debate. <\/p>\n","protected":false},"excerpt":{"rendered":"<p>Rio &#8211; Os conversores e televisores que est&atilde;o no mercado hoje n&atilde;o t&ecirc;m qualquer tipo de bloqueio &agrave; grava&ccedil;&atilde;o pelo telespectador da programa&ccedil;&atilde;o exibida pela TV digital, o que n&atilde;o quer dizer que produtos a serem lan&ccedil;ados no futuro n&atilde;o sejam regulados por outras normas. &Eacute; que a restri&ccedil;&atilde;o &agrave; c&oacute;pia dos programas transmitidos pela &hellip; <a href=\"https:\/\/obscom.intervozes.org.br\/?p=20065\" class=\"more-link\">Continue lendo <span class=\"screen-reader-text\">Conversores e TVs ainda n\u00e3o t\u00eam bloqueio \u00e0 grava\u00e7\u00e3o<\/span> <span class=\"meta-nav\">&rarr;<\/span><\/a><\/p>\n","protected":false},"author":1,"featured_media":0,"comment_status":"open","ping_status":"open","sticky":false,"template":"","format":"standard","meta":{"footnotes":""},"categories":[40],"tags":[79],"_links":{"self":[{"href":"https:\/\/obscom.intervozes.org.br\/index.php?rest_route=\/wp\/v2\/posts\/20065"}],"collection":[{"href":"https:\/\/obscom.intervozes.org.br\/index.php?rest_route=\/wp\/v2\/posts"}],"about":[{"href":"https:\/\/obscom.intervozes.org.br\/index.php?rest_route=\/wp\/v2\/types\/post"}],"author":[{"embeddable":true,"href":"https:\/\/obscom.intervozes.org.br\/index.php?rest_route=\/wp\/v2\/users\/1"}],"replies":[{"embeddable":true,"href":"https:\/\/obscom.intervozes.org.br\/index.php?rest_route=%2Fwp%2Fv2%2Fcomments&post=20065"}],"version-history":[{"count":0,"href":"https:\/\/obscom.intervozes.org.br\/index.php?rest_route=\/wp\/v2\/posts\/20065\/revisions"}],"wp:attachment":[{"href":"https:\/\/obscom.intervozes.org.br\/index.php?rest_route=%2Fwp%2Fv2%2Fmedia&parent=20065"}],"wp:term":[{"taxonomy":"category","embeddable":true,"href":"https:\/\/obscom.intervozes.org.br\/index.php?rest_route=%2Fwp%2Fv2%2Fcategories&post=20065"},{"taxonomy":"post_tag","embeddable":true,"href":"https:\/\/obscom.intervozes.org.br\/index.php?rest_route=%2Fwp%2Fv2%2Ftags&post=20065"}],"curies":[{"name":"wp","href":"https:\/\/api.w.org\/{rel}","templated":true}]}}