{"id":20061,"date":"2007-12-14T17:44:27","date_gmt":"2007-12-14T17:44:27","guid":{"rendered":"https:\/\/obscom.intervozes.org.br\/wordpress\/?p=20061"},"modified":"2007-12-14T17:44:27","modified_gmt":"2007-12-14T17:44:27","slug":"abraco-promove-congresso-para-discutir-espaco-comunitario","status":"publish","type":"post","link":"https:\/\/obscom.intervozes.org.br\/?p=20061","title":{"rendered":"Abra\u00e7o promove Congresso para discutir espa\u00e7o comunit\u00e1rio"},"content":{"rendered":"<p>As r&aacute;dios comunit&aacute;rias constituem uma das mais significativas formas pr&aacute;ticas de se fazer comunica&ccedil;&atilde;o p&uacute;blica no Brasil. Com essa vis&atilde;o, a Associa&ccedil;&atilde;o Brasileira de R&aacute;dios Comunit&aacute;rias (Abra&ccedil;o), chega ao seu sexto Congresso Nacional &ndash; de 14 a 16 de dezembro em Bras&iacute;lia. Durante os tr&ecirc;s dias de debates, ser&atilde;o definidas a reorganiza&ccedil;&atilde;o da estrutura org&acirc;nica da entidade, a participa&ccedil;&atilde;o do segmento no r&aacute;dio digital e a repress&atilde;o &agrave;s comunit&aacute;rias. No &uacute;ltimo dia do encontro, haver&aacute; elei&ccedil;&atilde;o para a Dire&ccedil;&atilde;o Nacional da institui&ccedil;&atilde;o. <\/p>\n<p>Apenas metade dos munic&iacute;pios brasileiros tem uma r&aacute;dio comunit&aacute;ria outorgada, uma vez que o processo de legaliza&ccedil;&atilde;o &eacute; moroso &ndash; a dura&ccedil;&atilde;o m&eacute;dia &eacute; de quatro anos. Tamb&eacute;m a repress&atilde;o a essas r&aacute;dios &eacute; constante, com apreens&atilde;o de equipamentos e pris&otilde;es de comunicadores populares. <\/p>\n<p>Para Jos&eacute; S&oacute;ter, dirigente Abra&ccedil;o, o congresso acontece num momento muito importante na quest&atilde;o da radiodifus&atilde;o brasileira, como a implanta&ccedil;&atilde;o da TV digital e posteriormente da convers&atilde;o da r&aacute;dio tamb&eacute;m para o sistema digital. S&oacute;ter acredita que a partir da&iacute; haver&aacute; uma remarca&ccedil;&atilde;o geopol&iacute;tica da atua&ccedil;&atilde;o dos comunicadores comunit&aacute;rios. &ldquo;A discuss&atilde;o &eacute; muito importante para a cria&ccedil;&atilde;o de um sistema p&uacute;blico de comunica&ccedil;&atilde;o mais democr&aacute;tico&rdquo;, argumenta. <\/p>\n<p>Na avalia&ccedil;&atilde;o de Jos&eacute; Guilherme Castro, Secret&aacute;rio-geral do F&oacute;rum Nacional pela Democratiza&ccedil;&atilde;o da Comunica&ccedil;&atilde;o (FNDC) e dirigente da <a href=\"http:\/\/redeabraco.org\/rede\/index.html\">Abra&ccedil;o<\/a>, as r&aacute;dios comunit&aacute;rias s&atilde;o dos poucos espa&ccedil;os que mant&ecirc;m um di&aacute;logo permanente com a sociedade, contribuindo para a amplia&ccedil;&atilde;o da cidadania e para a democratiza&ccedil;&atilde;o da comunica&ccedil;&atilde;o. Segundo ele, apesar da tentativa dos grandes donos da m&iacute;dia de &ldquo;acabar&rdquo; com a radiodifus&atilde;o comunit&aacute;ria, a realiza&ccedil;&atilde;o desse sexto congresso nacional da Abra&ccedil;o &eacute; uma prova da sua resist&ecirc;ncia. &ldquo;O sistema de comunica&ccedil;&atilde;o no Brasil foi montado para atender &agrave; ditadura militar e &eacute; o principal entulho daqueles tempos que temos at&eacute; hoje. Esse evento pode mostrar que um outro pa&iacute;s est&aacute; sendo constru&iacute;do&rdquo;, aponta. <\/p>\n<p><strong>Resgate hist&oacute;rico <\/p>\n<p><\/strong>Em 1995, o Brasil descobriu as r&aacute;dios comunit&aacute;rias, ent&atilde;o chamadas de r&aacute;dios livres. De acordo com o artigo <a href=\"http:\/\/www.bocc.ubi.pt\/pag\/peruzzo-cicilia-radio-comunitaria-br.pdf\">Participa&ccedil;&atilde;o nas R&aacute;dios Comunit&aacute;rias no Brasil<\/a>, da professora Cic&iacute;lia M.Krohling Peruzzo, da Universidade Metodista de S&atilde;o Paulo, as r&aacute;dios livres come&ccedil;aram a surgir na d&eacute;cada de 1970, na vig&ecirc;ncia do regime militar. &Eacute;poca que, segundo o artigo, os meios de comunica&ccedil;&atilde;o de massa estavam predominantemente nas m&atilde;os de pessoas ou grupos privilegiados com a concess&atilde;o de canais, por decis&atilde;o unilateral do Poder Executivo.<\/p>\n<p>A professora tamb&eacute;m lembra a import&acirc;ncia do FNDC na constru&ccedil;&atilde;o e elabora&ccedil;&atilde;o de pol&iacute;ticas democr&aacute;ticas para os meios de comunica&ccedil;&atilde;o. Celso Augusto Schr&ouml;der, coordenador geral do F&oacute;rum, explica essa contribui&ccedil;&atilde;o: Atrav&eacute;s do Daniel Herz, a institui&ccedil;&atilde;o participou decisivamente de um intenso debate, nos anos 1990, que resultou no conceito de r&aacute;dio comunit&aacute;ria. Naquele momento, havia importado, como &eacute; da tradi&ccedil;&atilde;o da esquerda mundial, a id&eacute;ia das r&aacute;dios livres, piratas, com origem na Inglaterra, na Fran&ccedil;a, dos movimentos contestat&oacute;rios dos anos 1960.<\/p>\n<p>No Brasil, lembra Schr&ouml;der, a conceitua&ccedil;&atilde;o partiu da seguinte id&eacute;ia: se n&atilde;o &eacute; um direito individual &ndash; porque n&atilde;o &eacute; poss&iacute;vel que todas as pessoas tenham r&aacute;dios &ndash; &eacute; preciso &quot;organizar-se em associa&ccedil;&otilde;es que representem um pensamento de determinado tipo e interesse, em torno do qual se re&uacute;nam&quot;. Assim, de acordo com o coordenador, resultou a <a href=\"http:\/\/www.planalto.gov.br\/ccivil\/Leis\/L9612.htm\">lei n&ordm; 9.612\/ 1998<\/a>, que instituiu o servi&ccedil;o de Radiodifus&atilde;o Comunit&aacute;ria no pa&iacute;s, que tamb&eacute;m teve contribui&ccedil;&atilde;o do FNDC. <\/p>\n<p>Para Schr&ouml;der, a lei 9.612 est&aacute; muito longe, por&eacute;m, de atender a sociedade &ndash; em especial os radiodifusores comunit&aacute;rios, na medida em que ela &eacute; muito tensionada e pressionada pelas r&aacute;dios comerciais (que v&ecirc;em nas comunit&aacute;rias uma amea&ccedil;a &agrave; sua exist&ecirc;ncia). Por outro lado, ela tem uma grande vantagem, que &eacute; a de incorporar o conceito de r&aacute;dio comunit&aacute;ria. &ldquo;Essa incorpora&ccedil;&atilde;o foi uma grande vit&oacute;ria, que de alguma maneira determina a sua exist&ecirc;ncia hoje no espectro brasileiro e permite que, mesmo marginalizadas, criminalizadas pela Anatel e perseguidas de uma maneira inexplic&aacute;vel ainda pela Pol&iacute;cia Federal, consigam inclusive, em muitos locais, concorrer diretamente com as comerciais em termos de audi&ecirc;ncia&quot;, analisa o coordenador-geral do FNDC.<\/p>\n<p><strong>Sobre o Congresso<\/p>\n<p><\/strong>O VI Congresso Nacional da Abra&ccedil;o ser&aacute; realizado no audit&oacute;rio da Escola Nacional de Administra&ccedil;&atilde;o P&uacute;blica &#8211; ENAP, em Bras&iacute;lia. A organiza&ccedil;&atilde;o do evento inscreveu cerca de 200 delegados, representantes de r&aacute;dios comunit&aacute;rias de 25 estados brasileiros e o Distrito Federal. A solenidade de abertura ser&aacute; &agrave;s 20h, no Audit&oacute;rio da ENAP,&nbsp;com a presen&ccedil;a de representantes das principais entidades nacionais dos movimentos sociais.<\/p>\n","protected":false},"excerpt":{"rendered":"<p>As r&aacute;dios comunit&aacute;rias constituem uma das mais significativas formas pr&aacute;ticas de se fazer comunica&ccedil;&atilde;o p&uacute;blica no Brasil. Com essa vis&atilde;o, a Associa&ccedil;&atilde;o Brasileira de R&aacute;dios Comunit&aacute;rias (Abra&ccedil;o), chega ao seu sexto Congresso Nacional &ndash; de 14 a 16 de dezembro em Bras&iacute;lia. Durante os tr&ecirc;s dias de debates, ser&atilde;o definidas a reorganiza&ccedil;&atilde;o da estrutura org&acirc;nica &hellip; <a href=\"https:\/\/obscom.intervozes.org.br\/?p=20061\" class=\"more-link\">Continue lendo <span class=\"screen-reader-text\">Abra\u00e7o promove Congresso para discutir espa\u00e7o comunit\u00e1rio<\/span> <span class=\"meta-nav\">&rarr;<\/span><\/a><\/p>\n","protected":false},"author":1,"featured_media":0,"comment_status":"open","ping_status":"open","sticky":false,"template":"","format":"standard","meta":{"footnotes":""},"categories":[40],"tags":[78],"_links":{"self":[{"href":"https:\/\/obscom.intervozes.org.br\/index.php?rest_route=\/wp\/v2\/posts\/20061"}],"collection":[{"href":"https:\/\/obscom.intervozes.org.br\/index.php?rest_route=\/wp\/v2\/posts"}],"about":[{"href":"https:\/\/obscom.intervozes.org.br\/index.php?rest_route=\/wp\/v2\/types\/post"}],"author":[{"embeddable":true,"href":"https:\/\/obscom.intervozes.org.br\/index.php?rest_route=\/wp\/v2\/users\/1"}],"replies":[{"embeddable":true,"href":"https:\/\/obscom.intervozes.org.br\/index.php?rest_route=%2Fwp%2Fv2%2Fcomments&post=20061"}],"version-history":[{"count":0,"href":"https:\/\/obscom.intervozes.org.br\/index.php?rest_route=\/wp\/v2\/posts\/20061\/revisions"}],"wp:attachment":[{"href":"https:\/\/obscom.intervozes.org.br\/index.php?rest_route=%2Fwp%2Fv2%2Fmedia&parent=20061"}],"wp:term":[{"taxonomy":"category","embeddable":true,"href":"https:\/\/obscom.intervozes.org.br\/index.php?rest_route=%2Fwp%2Fv2%2Fcategories&post=20061"},{"taxonomy":"post_tag","embeddable":true,"href":"https:\/\/obscom.intervozes.org.br\/index.php?rest_route=%2Fwp%2Fv2%2Ftags&post=20061"}],"curies":[{"name":"wp","href":"https:\/\/api.w.org\/{rel}","templated":true}]}}