{"id":20059,"date":"2007-12-14T17:19:37","date_gmt":"2007-12-14T17:19:37","guid":{"rendered":"https:\/\/obscom.intervozes.org.br\/wordpress\/?p=20059"},"modified":"2007-12-14T17:19:37","modified_gmt":"2007-12-14T17:19:37","slug":"governo-quer-conexao-as-escolas-na-troca-dos-postos-telefonicos","status":"publish","type":"post","link":"https:\/\/obscom.intervozes.org.br\/?p=20059","title":{"rendered":"Governo quer conex\u00e3o \u00e0s escolas na troca dos postos telef\u00f4nicos"},"content":{"rendered":"<p><span>O governo decidiu abandonar a proposta de pedir &agrave;s concession&aacute;rias parte da capacidade do backhaul a ser constru&iacute;do com a troca de metas de instala&ccedil;&atilde;o de Postos de Servi&ccedil;os de Telecomunica&ccedil;&otilde;es (PSTs) pela conex&atilde;o &agrave; internet das escolas p&uacute;blicas do pa&iacute;s. E quer que todas as escolas (cerca de 170 mil) sejam conectadas gratuitamente, durante quatro anos. As teles contrapropuseram um total de 14 mil escolas, n&uacute;mero que poderia dobrar ao longo do tempo, pelo per&iacute;odo de um ano.<\/p>\n<p><\/span><span>A dist&acirc;ncia entre as duas propostas d&aacute; uma medida do tamanho da dificuldade a ser vencida para se chegar a um acordo at&eacute; ter&ccedil;a-feira, dia 18. <\/span>Pois no dia 19, o conselho diretor da Anatel faz sua &uacute;ltima reuni&atilde;o do ano, prazo limite para aprovar os termos da consulta da troca de metas de universaliza&ccedil;&atilde;o. Se n&atilde;o houver acordo, a Anatel deve cancelar a consulta p&uacute;blica e as teles instalar&atilde;o os PSTs previstos nos contratos de concess&atilde;o.<\/p>\n<p><strong>Reuni&atilde;o ministerial<\/p>\n<p><\/strong>A negocia&ccedil;&atilde;o da troca de metas ontem mudou de n&iacute;vel. No lugar da equipe t&eacute;cnica, os representantes das concession&aacute;rias se reuniram com os ministros Dilma Rousseff (Casa Civil), H&eacute;lio Costa (Comunica&ccedil;&otilde;es), Paulo Bernardo (Planejamento) e Franklin Martins (Comunica&ccedil;&atilde;o Social). E ouviram da ministra Dilma, em palavras duras, que a proposta que fizeram &eacute; inaceit&aacute;vel. Ela lhes pediu que apresentassem outra proposta, com o m&aacute;ximo que pudessem oferecer. E disse que o governo vai conectar as escolas com a participa&ccedil;&atilde;o das teles, ou sem elas. E o far&aacute;, se for o caso, atrav&eacute;s de uma licita&ccedil;&atilde;o internacional, em parceria com a iniciativa privada.<\/p>\n<p>O acordo n&atilde;o &eacute; imposs&iacute;vel, admitem ambos os lados, mas est&aacute; dif&iacute;cil. &ldquo;Estamos fazendo contas&rdquo;, disse um executivo de uma operadora, insistindo, no entanto, que h&aacute; um empenho das teles em contribuir com o projeto de educa&ccedil;&atilde;o do governo. Tanto que, diz essa fonte, mesmo que a troca de metas n&atilde;o venha a ocorrer, a oferta de conex&atilde;o gratuita das 14 mil escolas, por um ano, dever&aacute; ser mantida.<\/p>\n","protected":false},"excerpt":{"rendered":"<p>O governo decidiu abandonar a proposta de pedir &agrave;s concession&aacute;rias parte da capacidade do backhaul a ser constru&iacute;do com a troca de metas de instala&ccedil;&atilde;o de Postos de Servi&ccedil;os de Telecomunica&ccedil;&otilde;es (PSTs) pela conex&atilde;o &agrave; internet das escolas p&uacute;blicas do pa&iacute;s. E quer que todas as escolas (cerca de 170 mil) sejam conectadas gratuitamente, durante &hellip; <a href=\"https:\/\/obscom.intervozes.org.br\/?p=20059\" class=\"more-link\">Continue lendo <span class=\"screen-reader-text\">Governo quer conex\u00e3o \u00e0s escolas na troca dos postos telef\u00f4nicos<\/span> <span class=\"meta-nav\">&rarr;<\/span><\/a><\/p>\n","protected":false},"author":1,"featured_media":0,"comment_status":"open","ping_status":"open","sticky":false,"template":"","format":"standard","meta":{"footnotes":""},"categories":[40],"tags":[545],"_links":{"self":[{"href":"https:\/\/obscom.intervozes.org.br\/index.php?rest_route=\/wp\/v2\/posts\/20059"}],"collection":[{"href":"https:\/\/obscom.intervozes.org.br\/index.php?rest_route=\/wp\/v2\/posts"}],"about":[{"href":"https:\/\/obscom.intervozes.org.br\/index.php?rest_route=\/wp\/v2\/types\/post"}],"author":[{"embeddable":true,"href":"https:\/\/obscom.intervozes.org.br\/index.php?rest_route=\/wp\/v2\/users\/1"}],"replies":[{"embeddable":true,"href":"https:\/\/obscom.intervozes.org.br\/index.php?rest_route=%2Fwp%2Fv2%2Fcomments&post=20059"}],"version-history":[{"count":0,"href":"https:\/\/obscom.intervozes.org.br\/index.php?rest_route=\/wp\/v2\/posts\/20059\/revisions"}],"wp:attachment":[{"href":"https:\/\/obscom.intervozes.org.br\/index.php?rest_route=%2Fwp%2Fv2%2Fmedia&parent=20059"}],"wp:term":[{"taxonomy":"category","embeddable":true,"href":"https:\/\/obscom.intervozes.org.br\/index.php?rest_route=%2Fwp%2Fv2%2Fcategories&post=20059"},{"taxonomy":"post_tag","embeddable":true,"href":"https:\/\/obscom.intervozes.org.br\/index.php?rest_route=%2Fwp%2Fv2%2Ftags&post=20059"}],"curies":[{"name":"wp","href":"https:\/\/api.w.org\/{rel}","templated":true}]}}