{"id":20058,"date":"2007-12-14T17:13:09","date_gmt":"2007-12-14T17:13:09","guid":{"rendered":"https:\/\/obscom.intervozes.org.br\/wordpress\/?p=20058"},"modified":"2007-12-14T17:13:09","modified_gmt":"2007-12-14T17:13:09","slug":"cctci-reafirma-compromisso-com-conferencia-de-comunicacao","status":"publish","type":"post","link":"https:\/\/obscom.intervozes.org.br\/?p=20058","title":{"rendered":"CCTCI reafirma compromisso com Confer\u00eancia de Comunica\u00e7\u00e3o"},"content":{"rendered":"<p>Nesta quinta, 13, entidades da sociedade civil se reuniram com o presidente da Comiss&atilde;o de Ci&ecirc;ncia e Tecnologia, Comunica&ccedil;&atilde;o e Inform&aacute;tica (CCTCI) da C&acirc;mara dos Deputados, Julio Semeghini (PSDB-SP), para tratar do tema da Confer&ecirc;ncia Nacional de Comunica&ccedil;&atilde;o.<\/p>\n<p>As organiza&ccedil;&otilde;es presentes reafirmaram a expectativa de que a Confer&ecirc;ncia seja convocada ainda este ano pelo Executivo, e pediram apoio da CCTCI para isso. Segundo Br&aacute;ulio Ribeiro, do Intervozes, essa convoca&ccedil;&atilde;o oficial pelo Governo Federal &eacute; essencial para refor&ccedil;ar o compromisso do Executivo com os resultados. &ldquo;Isso &eacute; fundamental para que as diretrizes tiradas da Confer&ecirc;ncia possam efetivamente se converter em pol&iacute;ticas p&uacute;blicas&rdquo;, afirma Ribeiro.<\/p>\n<p>A apreens&atilde;o das entidades em rela&ccedil;&atilde;o &agrave; posi&ccedil;&atilde;o do governo se baseia na retic&ecirc;ncia demonstrada por alguns membros do Executivo em reuni&otilde;es pr&eacute;vias, em que houve a sinaliza&ccedil;&atilde;o de que a confer&ecirc;ncia s&oacute; seria convocada se houvesse concord&acirc;ncia pr&eacute;via do setor privado. A Comiss&atilde;o Pr&oacute;-Confer&ecirc;ncia ent&atilde;o abriu di&aacute;logo diretamente com o setor empresarial, que demonstrou interesse na realiza&ccedil;&atilde;o da confer&ecirc;ncia. A Abrafix, que re&uacute;ne as operadoras de telefone fixo, decidiu inclusive subscrever o pedido de audi&ecirc;ncia que a Comiss&atilde;o Pr&oacute;-Confer&ecirc;ncia pretende realizar com a ministra chefe da Casa Civil, Dilma Rousseff.<\/p>\n<p>No di&aacute;logo com as entidades, Julio Semeghini foi receptivo &agrave;s propostas apresentadas e reafirmou o compromisso da CCTCI com a confer&ecirc;ncia. Para ele, a aprova&ccedil;&atilde;o pela comiss&atilde;o de emenda de 20 milh&otilde;es de reais no Plano Plurianual para a realiza&ccedil;&atilde;o do f&oacute;rum foi mais um sinal desse compromisso. Semeghini tamb&eacute;m concordou com a import&acirc;ncia de a convoca&ccedil;&atilde;o ser feita pelo Executivo, considerado por ele ator fundamental no processo de constru&ccedil;&atilde;o de uma lei geral de comunica&ccedil;&otilde;es.<\/p>\n<p>Semeghini se comprometeu ainda a, como presidente da CCTCI, entregar &agrave; ministra Dilma Rousseff um pedido para que ela receba a comiss&atilde;o pr&oacute;-confer&ecirc;ncia. Esse pedido seria feito em parceria com Walter Pinheiro (PT-BA) e Luiza Erundina (PSB-SP), respons&aacute;veis pela emenda ao PPA, al&eacute;m do presidente da Comiss&atilde;o de Direitos Humanos (CDHM), Luiz Couto (PT-PB), e da deputada Iriny Lopes (PT-ES).<\/p>\n<p>As entidades da sociedade civil consideraram positiva a audi&ecirc;ncia com Semeghini. Para Jos&eacute; Carlos Torves, da Federa&ccedil;&atilde;o Nacional dos Jornalistas, &quot;O encontro foi al&eacute;m das expectativas da Comiss&atilde;o Pr&oacute;-Conferencia e o apoio do deputado renova as esperan&ccedil;as de que ser&aacute; realizada em 2008&quot;. As entidades consideram que o pr&oacute;ximo passo na constru&ccedil;&atilde;o da confer&ecirc;ncia &eacute; a publica&ccedil;&atilde;o de decreto pelo presidente da Rep&uacute;blica oficializando a convocat&oacute;ria. A partir da&iacute;, uma comiss&atilde;o organizadora com membros do Executivo, do Legislativo, do empresariado e da sociedade civil buscar&aacute; avan&ccedil;ar na proposta de tem&aacute;rio e metodologia.<\/p>\n<p>Participaram da audi&ecirc;ncia o Conselho Federal de Psicologia (CFP), a Federa&ccedil;&atilde;o Interestadual dos Trabalhadores em Radiodifus&atilde;o e Televis&atilde;o (Fitert), a Federa&ccedil;&atilde;o Nacional dos Jornalistas (Fenaj), a Federa&ccedil;&atilde;o Interestadual dos Trabalhadores em Telecomunica&ccedil;&otilde;es (Fittel), a Executiva Nacional dos Estudantes de Comunica&ccedil;&atilde;o Social (Enecos), o Laborat&oacute;rio de Pol&iacute;ticas de Comunica&ccedil;&atilde;o da UnB e o Intervozes &ndash; Coletivo Brasil de Comunica&ccedil;&atilde;o Social. Tamb&eacute;m estiveram presentes a deputada Iriny Lopes (PT-ES), da Comiss&atilde;o de Direitos Humanos e Minorias e um representante da deputada Luiza Erundina (PSB-SP).<\/p>\n<p>A pauta da Confer&ecirc;ncia Nacional de Comunica&ccedil;&atilde;o vem sendo trabalhada como reivindica&ccedil;&atilde;o de diversos movimentos da sociedade civil desde o in&iacute;cio de 2007. Desde junho, as entidades est&atilde;o organizadas na Comiss&atilde;o Pr&oacute;-Confer&ecirc;ncia, que vem buscando trabalhar junto ao Executivo e ao Legislativo para garantir a iniciativa. <\/p>\n","protected":false},"excerpt":{"rendered":"<p>Nesta quinta, 13, entidades da sociedade civil se reuniram com o presidente da Comiss&atilde;o de Ci&ecirc;ncia e Tecnologia, Comunica&ccedil;&atilde;o e Inform&aacute;tica (CCTCI) da C&acirc;mara dos Deputados, Julio Semeghini (PSDB-SP), para tratar do tema da Confer&ecirc;ncia Nacional de Comunica&ccedil;&atilde;o. As organiza&ccedil;&otilde;es presentes reafirmaram a expectativa de que a Confer&ecirc;ncia seja convocada ainda este ano pelo Executivo, &hellip; <a href=\"https:\/\/obscom.intervozes.org.br\/?p=20058\" class=\"more-link\">Continue lendo <span class=\"screen-reader-text\">CCTCI reafirma compromisso com Confer\u00eancia de Comunica\u00e7\u00e3o<\/span> <span class=\"meta-nav\">&rarr;<\/span><\/a><\/p>\n","protected":false},"author":1,"featured_media":0,"comment_status":"open","ping_status":"open","sticky":false,"template":"","format":"standard","meta":{"footnotes":""},"categories":[40],"tags":[164],"_links":{"self":[{"href":"https:\/\/obscom.intervozes.org.br\/index.php?rest_route=\/wp\/v2\/posts\/20058"}],"collection":[{"href":"https:\/\/obscom.intervozes.org.br\/index.php?rest_route=\/wp\/v2\/posts"}],"about":[{"href":"https:\/\/obscom.intervozes.org.br\/index.php?rest_route=\/wp\/v2\/types\/post"}],"author":[{"embeddable":true,"href":"https:\/\/obscom.intervozes.org.br\/index.php?rest_route=\/wp\/v2\/users\/1"}],"replies":[{"embeddable":true,"href":"https:\/\/obscom.intervozes.org.br\/index.php?rest_route=%2Fwp%2Fv2%2Fcomments&post=20058"}],"version-history":[{"count":0,"href":"https:\/\/obscom.intervozes.org.br\/index.php?rest_route=\/wp\/v2\/posts\/20058\/revisions"}],"wp:attachment":[{"href":"https:\/\/obscom.intervozes.org.br\/index.php?rest_route=%2Fwp%2Fv2%2Fmedia&parent=20058"}],"wp:term":[{"taxonomy":"category","embeddable":true,"href":"https:\/\/obscom.intervozes.org.br\/index.php?rest_route=%2Fwp%2Fv2%2Fcategories&post=20058"},{"taxonomy":"post_tag","embeddable":true,"href":"https:\/\/obscom.intervozes.org.br\/index.php?rest_route=%2Fwp%2Fv2%2Ftags&post=20058"}],"curies":[{"name":"wp","href":"https:\/\/api.w.org\/{rel}","templated":true}]}}