{"id":20056,"date":"2007-12-14T13:27:08","date_gmt":"2007-12-14T13:27:08","guid":{"rendered":"https:\/\/obscom.intervozes.org.br\/wordpress\/?p=20056"},"modified":"2007-12-14T13:27:08","modified_gmt":"2007-12-14T13:27:08","slug":"alta-definicao-deve-elevar-preco-da-tv-por-assinatura","status":"publish","type":"post","link":"https:\/\/obscom.intervozes.org.br\/?p=20056","title":{"rendered":"Alta defini\u00e7\u00e3o deve elevar pre\u00e7o da TV por assinatura"},"content":{"rendered":"<p>A t&atilde;o esperada programa&ccedil;&atilde;o em alta defini&ccedil;&atilde;o vai encarecer a assinatura da TV paga. As tr&ecirc;s principais operadoras do pa&iacute;s -Net, Sky e TVA- confirmam que ser&aacute; cobrado um adicional na mensalidade com o acr&eacute;scimo desse conte&uacute;do no pacote .<\/p>\n<p>O sinal digital, que come&ccedil;ou a ser transmitido no dia 2 na TV aberta s&oacute; em S&atilde;o Paulo, j&aacute; era realidade para assinantes que t&ecirc;m decodificador digital. J&aacute; o conte&uacute;do em alta defini&ccedil;&atilde;o come&ccedil;a agora a ser produzido no pa&iacute;s pelas emissoras. As operadoras alegam que, al&eacute;m do gasto extra com capta&ccedil;&atilde;o, haver&aacute; aumento de custos com a transmiss&atilde;o, j&aacute; que, al&eacute;m do sinal em alta defini&ccedil;&atilde;o, o formato padr&atilde;o continuar&aacute; a ser enviado.<\/p>\n<p>Isso vale tamb&eacute;m para programas internacionais, que j&aacute; s&atilde;o produzidos em alta defini&ccedil;&atilde;o em seus pa&iacute;ses de origem, mas transmitidos para o Brasil em formato padr&atilde;o porque n&atilde;o havia, at&eacute; ent&atilde;o, receptores capazes de captar o sinal.<\/p>\n<p>Quanto a assinatura vai ficar mais cara ainda n&atilde;o foi definido. &quot;Nenhum canal ousou dizer&quot;, afirma Luiz Eduardo Baptista, presidente da Sky. Andr&eacute; M&uuml;ller Borges, diretor-executivo corporativo da Net, reitera que esse aumento vai depender do que vai ser cobrado a mais pelo programador.<\/p>\n<p>&quot;O que traz queda de pre&ccedil;o &eacute; escala&quot;, ressalta Baptista, pois, quanto mais assinantes quiserem o produto, menor ser&aacute; o valor cobrado por ele.<\/p>\n<p>Nos EUA, o presidente da Sky diz que o adicional na mensalidade pelos canais em alta defini&ccedil;&atilde;o da DirecTV &eacute; US$ 6,99. Segundo ele, a operadora tem 400 canais, dos quais 100 t&ecirc;m o conte&uacute;do nesse formato. J&aacute; as TVs a cabo cobram US$ 12, de acordo com o vice-presidente da ABTA (Associa&ccedil;&atilde;o Brasileira de TV por Assinatura), Antonio Jo&atilde;o Filho.<\/p>\n<p>Gratuito por um ano, a Globosat ter&aacute;, a partir da segunda quinzena deste m&ecirc;s, um canal na Net com toda a programa&ccedil;&atilde;o em alta defini&ccedil;&atilde;o, mas o conte&uacute;do ser&aacute; uma miscel&acirc;nea de programas de canais transmitidos em formato padr&atilde;o.<\/p>\n<p>Segundo a Anatel (Ag&ecirc;ncia Nacional de Telecomunica&ccedil;&otilde;es), a princ&iacute;pio, a operadora pode cobrar a mais pelo pacote com esse &quot;plus&quot;, mas n&atilde;o pode obrigar ningu&eacute;m a migrar. A an&aacute;lise oficial sobre a mudan&ccedil;a, no entanto, s&oacute; ser&aacute; feita pelo &oacute;rg&atilde;o com casos concretos.<\/p>\n<p><strong>Conversor<\/p>\n<p><\/strong>Al&eacute;m de pagar o adicional na mensalidade, os assinantes ter&atilde;o que ter um decodificador com conversor digital embutido para receber o sinal em alta defini&ccedil;&atilde;o. At&eacute; agora, s&oacute; a Net anunciou o aparelho &quot;h&iacute;brido&quot;, por R$ 799, indicado para TVs de plasma e LCD. O equipamento j&aacute; vem com um programa que permite a interatividade e, no in&iacute;cio de 2008, vai possibilitar a grava&ccedil;&atilde;o de at&eacute; 80 horas de programa&ccedil;&atilde;o.<\/p>\n<p>O conversor semelhante mais barato, para a TV digital aberta, custa R$ 699, sem interatividade nem possibilidade de grava&ccedil;&atilde;o, o que comprova o subs&iacute;dio (nao informado) da Net para fidelizar o cliente. De acordo com o diretor da empresa, h&aacute; uma lista de espera de 2.000 pessoas pelo aparelho, mas o n&uacute;mero de contratos j&aacute; assinados n&atilde;o foi informado.<\/p>\n<p>O presidente da Sky diz que o &quot;h&iacute;brido&quot; da empresa j&aacute; est&aacute; pronto e custaria R$ 599, mas n&atilde;o h&aacute; data de in&iacute;cio das vendas. &quot;N&atilde;o lan&ccedil;o porque acho que vai ser um fracasso.&quot;<\/p>\n<p>A TVA vai anunciar o novo decodificador at&eacute; mar&ccedil;o, que ser&aacute; cedido sem custo aos assinantes que compraram por R$ 899 o aparelho lan&ccedil;ado em junho do ano passado -j&aacute; apto a receber o sinal digital e em alta defini&ccedil;&atilde;o da TV paga (dispon&iacute;vel s&oacute; em um canal na operadora), mas n&atilde;o da TV aberta.<\/p>\n","protected":false},"excerpt":{"rendered":"<p>A t&atilde;o esperada programa&ccedil;&atilde;o em alta defini&ccedil;&atilde;o vai encarecer a assinatura da TV paga. As tr&ecirc;s principais operadoras do pa&iacute;s -Net, Sky e TVA- confirmam que ser&aacute; cobrado um adicional na mensalidade com o acr&eacute;scimo desse conte&uacute;do no pacote . O sinal digital, que come&ccedil;ou a ser transmitido no dia 2 na TV aberta s&oacute; &hellip; <a href=\"https:\/\/obscom.intervozes.org.br\/?p=20056\" class=\"more-link\">Continue lendo <span class=\"screen-reader-text\">Alta defini\u00e7\u00e3o deve elevar pre\u00e7o da TV por assinatura<\/span> <span class=\"meta-nav\">&rarr;<\/span><\/a><\/p>\n","protected":false},"author":1,"featured_media":0,"comment_status":"open","ping_status":"open","sticky":false,"template":"","format":"standard","meta":{"footnotes":""},"categories":[40],"tags":[134],"_links":{"self":[{"href":"https:\/\/obscom.intervozes.org.br\/index.php?rest_route=\/wp\/v2\/posts\/20056"}],"collection":[{"href":"https:\/\/obscom.intervozes.org.br\/index.php?rest_route=\/wp\/v2\/posts"}],"about":[{"href":"https:\/\/obscom.intervozes.org.br\/index.php?rest_route=\/wp\/v2\/types\/post"}],"author":[{"embeddable":true,"href":"https:\/\/obscom.intervozes.org.br\/index.php?rest_route=\/wp\/v2\/users\/1"}],"replies":[{"embeddable":true,"href":"https:\/\/obscom.intervozes.org.br\/index.php?rest_route=%2Fwp%2Fv2%2Fcomments&post=20056"}],"version-history":[{"count":0,"href":"https:\/\/obscom.intervozes.org.br\/index.php?rest_route=\/wp\/v2\/posts\/20056\/revisions"}],"wp:attachment":[{"href":"https:\/\/obscom.intervozes.org.br\/index.php?rest_route=%2Fwp%2Fv2%2Fmedia&parent=20056"}],"wp:term":[{"taxonomy":"category","embeddable":true,"href":"https:\/\/obscom.intervozes.org.br\/index.php?rest_route=%2Fwp%2Fv2%2Fcategories&post=20056"},{"taxonomy":"post_tag","embeddable":true,"href":"https:\/\/obscom.intervozes.org.br\/index.php?rest_route=%2Fwp%2Fv2%2Ftags&post=20056"}],"curies":[{"name":"wp","href":"https:\/\/api.w.org\/{rel}","templated":true}]}}